{"id":324522,"date":"2025-07-03T14:30:17","date_gmt":"2025-07-03T11:30:17","guid":{"rendered":"https:\/\/sana.sy\/tr\/?p=324522"},"modified":"2025-07-03T14:30:17","modified_gmt":"2025-07-03T11:30:17","slug":"saglik-alaninda-is-birligini-artirmak-ve-hastaneleri-iyilestirmek-amaciyla-suriye-suudi-arabistan-gorusmeleri-gerceklesti","status":"publish","type":"post","link":"https:\/\/archive.sana.sy\/tr\/?p=324522","title":{"rendered":"Sa\u011fl\u0131k Alan\u0131nda \u0130\u015f Birli\u011fini Art\u0131rmak Ve Hastaneleri \u0130yile\u015ftirmek Amac\u0131yla Suriye-Suudi Arabistan G\u00f6r\u00fc\u015fmeleri Ger\u00e7ekle\u015fti"},"content":{"rendered":"<p style=\"text-align: justify;\"><strong>\u015eAM (SANA)<\/strong> &#8211; Suriye Sa\u011fl\u0131k Bakan\u0131 Dr. Musab El Ali, \u015eam&#8217;da Suudi Arabistan&#8217;\u0131n Suriye B\u00fcy\u00fckel\u00e7isi Dr. Feysal El Mucfal ile bir araya gelerek sa\u011fl\u0131k sekt\u00f6r\u00fcnde ortak i\u015fbirli\u011fi yollar\u0131n\u0131 g\u00f6r\u00fc\u015ft\u00fc.<\/p>\n<p style=\"text-align: justify;\">G\u00f6r\u00fc\u015fmelerde, hasarl\u0131 hastanelerin onar\u0131m\u0131, t\u0131bbi ekipman eksikli\u011finin giderilmesi, sa\u011fl\u0131k merkezlerinin onar\u0131lmas\u0131, uzmanl\u0131k ve ara\u015ft\u0131rma payla\u015f\u0131m\u0131nda i\u015f birli\u011finin art\u0131r\u0131lmas\u0131, ortak e\u011fitim ve Suriye&#8217;nin sa\u011fl\u0131k altyap\u0131s\u0131n\u0131n geli\u015ftirilmesi gibi hayati konular ele al\u0131nd\u0131.<\/p>\n<p style=\"text-align: justify;\">Bakanl\u0131k merkezinde ger\u00e7ekle\u015fen g\u00f6r\u00fc\u015fmede, Taraflar, iki \u00fclke aras\u0131ndaki karde\u015flik ili\u015fkilerinin derinli\u011fini teyit ederek, sa\u011fl\u0131k sekt\u00f6r\u00fcn\u00fcn ilerlemesi ve Suriye halk\u0131n\u0131n ihtiya\u00e7lar\u0131na hizmet eden s\u00fcrd\u00fcr\u00fclebilir i\u015f birli\u011finin \u00f6n\u00fcn\u00fcn a\u00e7\u0131lmas\u0131 i\u00e7in \u00e7abalar\u0131n koordine edilmesinin ve ileti\u015fim k\u00f6pr\u00fclerinin kurulmas\u0131n\u0131n \u00f6nemini vurgulad\u0131lar.<\/p>\n<p style=\"text-align: justify;\">Ayn\u0131 ba\u011flamda, Dr. El Ali Sa\u011fl\u0131k Bakanl\u0131\u011f\u0131&#8217;n\u0131n \u015fu anda uyu\u015fturucu kontrol\u00fcn\u00fc \u00f6nceliklerinin en \u00fcst\u00fcne koydu\u011funu a\u00e7\u0131klayarak, Bilin\u00e7lendirme, tedavi ve iyile\u015fen ba\u011f\u0131ml\u0131lar\u0131n rehabilitasyonu da dahil olmak \u00fczere daha geni\u015f bir i\u015fbirli\u011fi \u00e7a\u011fr\u0131s\u0131nda bulundu ve bu alandaki Suudi deneyimini \u00f6vd\u00fc.<\/p>\n<p style=\"text-align: justify;\">B\u00fcy\u00fckel\u00e7i Dr. El Mucfal ise, Krall\u0131\u011f\u0131n Suriye&#8217;ye hem teknik uzmanl\u0131k hem de sa\u011fl\u0131k projelerine destek yoluyla tam destek sa\u011flamaya haz\u0131r oldu\u011funu belirterek, bu i\u015f birli\u011finin sa\u011fl\u0131k sekt\u00f6r\u00fcnde niteliksel bir de\u011fi\u015fime tan\u0131kl\u0131k edece\u011fini vurgulad\u0131.<\/p>\n","protected":false},"excerpt":{"rendered":"<p>\u015eAM (SANA) &#8211; Suriye Sa\u011fl\u0131k Bakan\u0131 Dr. Musab El Ali, \u015eam&#8217;da Suudi Arabistan&#8217;\u0131n Suriye B\u00fcy\u00fckel\u00e7isi Dr. Feysal El Mucfal ile bir araya gelerek sa\u011fl\u0131k sekt\u00f6r\u00fcnde ortak i\u015fbirli\u011fi yollar\u0131n\u0131 g\u00f6r\u00fc\u015ft\u00fc. G\u00f6r\u00fc\u015fmelerde, hasarl\u0131 hastanelerin onar\u0131m\u0131, t\u0131bbi ekipman eksikli\u011finin giderilmesi, sa\u011fl\u0131k merkezlerinin onar\u0131lmas\u0131, uzmanl\u0131k ve ara\u015ft\u0131rma payla\u015f\u0131m\u0131nda i\u015f birli\u011finin art\u0131r\u0131lmas\u0131, ortak e\u011fitim ve Suriye&#8217;nin sa\u011fl\u0131k altyap\u0131s\u0131n\u0131n geli\u015ftirilmesi gibi &hellip;<\/p>\n","protected":false},"author":39,"featured_media":324523,"comment_status":"closed","ping_status":"closed","sticky":false,"template":"","format":"standard","meta":{"footnotes":""},"categories":[458,589,459,17988],"tags":[],"class_list":["post-324522","post","type-post","status-publish","format-standard","has-post-thumbnail","","category-dunya1","category-haber-seridi","category-haberler-arap-uluslararasi-politika","category-son-haberler"],"_links":{"self":[{"href":"https:\/\/archive.sana.sy\/tr\/index.php?rest_route=\/wp\/v2\/posts\/324522","targetHints":{"allow":["GET"]}}],"collection":[{"href":"https:\/\/archive.sana.sy\/tr\/index.php?rest_route=\/wp\/v2\/posts"}],"about":[{"href":"https:\/\/archive.sana.sy\/tr\/index.php?rest_route=\/wp\/v2\/types\/post"}],"author":[{"embeddable":true,"href":"https:\/\/archive.sana.sy\/tr\/index.php?rest_route=\/wp\/v2\/users\/39"}],"replies":[{"embeddable":true,"href":"https:\/\/archive.sana.sy\/tr\/index.php?rest_route=%2Fwp%2Fv2%2Fcomments&post=324522"}],"version-history":[{"count":1,"href":"https:\/\/archive.sana.sy\/tr\/index.php?rest_route=\/wp\/v2\/posts\/324522\/revisions"}],"predecessor-version":[{"id":324524,"href":"https:\/\/archive.sana.sy\/tr\/index.php?rest_route=\/wp\/v2\/posts\/324522\/revisions\/324524"}],"wp:featuredmedia":[{"embeddable":true,"href":"https:\/\/archive.sana.sy\/tr\/index.php?rest_route=\/wp\/v2\/media\/324523"}],"wp:attachment":[{"href":"https:\/\/archive.sana.sy\/tr\/index.php?rest_route=%2Fwp%2Fv2%2Fmedia&parent=324522"}],"wp:term":[{"taxonomy":"category","embeddable":true,"href":"https:\/\/archive.sana.sy\/tr\/index.php?rest_route=%2Fwp%2Fv2%2Fcategories&post=324522"},{"taxonomy":"post_tag","embeddable":true,"href":"https:\/\/archive.sana.sy\/tr\/index.php?rest_route=%2Fwp%2Fv2%2Ftags&post=324522"}],"curies":[{"name":"wp","href":"https:\/\/api.w.org\/{rel}","templated":true}]}}