{"id":324525,"date":"2025-07-03T14:38:13","date_gmt":"2025-07-03T11:38:13","guid":{"rendered":"https:\/\/sana.sy\/tr\/?p=324525"},"modified":"2025-07-03T19:40:38","modified_gmt":"2025-07-03T16:40:38","slug":"norvec-suriyeye-yonelik-yaptirimlari-hafifletiyor-ve-devrik-rejimin-onde-gelen-isimlerine-yonelik-kisitlamalari-surduruyor","status":"publish","type":"post","link":"https:\/\/archive.sana.sy\/tr\/?p=324525","title":{"rendered":"Norve\u00e7, Suriye&#8217;ye Y\u00f6nelik Yapt\u0131r\u0131mlar\u0131 Hafifletiyor Ve Devrik Rejimin \u00d6nde Gelen \u0130simlerine Y\u00f6nelik K\u0131s\u0131tlamalar\u0131 S\u00fcrd\u00fcr\u00fcyor"},"content":{"rendered":"<p style=\"text-align: justify;\"><strong><span style=\"color: #ff0000;\">OSLO (SANA)<\/span> &#8211;<\/strong> Norve\u00e7 D\u0131\u015fi\u015fleri Bakanl\u0131\u011f\u0131, Suriye&#8217;ye uygulanan yapt\u0131r\u0131mlar\u0131n hafifletildi\u011fini duyurarak, devrik rejimin kilit isimlerine y\u00f6nelik yapt\u0131r\u0131mlar\u0131n devam edece\u011fini vurgulad\u0131.<\/p>\n<p style=\"text-align: justify;\">Norve\u00e7 D\u0131\u015fi\u015fleri Bakanl\u0131\u011f\u0131, s\u00f6z konusu de\u011fi\u015fikli\u011fin, insan haklar\u0131 ihlalleri ve silah programlar\u0131yla ilgili k\u0131s\u0131tlamalar\u0131 korurken yapt\u0131r\u0131mlar\u0131n kademeli olarak hafifletilmesine y\u00f6nelik bir yol haritas\u0131 uygulamaya \u00e7al\u0131\u015fan Avrupa Birli\u011fi ile koordinasyon \u00e7er\u00e7evesinde geldi\u011fini bildirdi.<\/p>\n","protected":false},"excerpt":{"rendered":"<p>OSLO (SANA) &#8211; Norve\u00e7 D\u0131\u015fi\u015fleri Bakanl\u0131\u011f\u0131, Suriye&#8217;ye uygulanan yapt\u0131r\u0131mlar\u0131n hafifletildi\u011fini duyurarak, devrik rejimin kilit isimlerine y\u00f6nelik yapt\u0131r\u0131mlar\u0131n devam edece\u011fini vurgulad\u0131. Norve\u00e7 D\u0131\u015fi\u015fleri Bakanl\u0131\u011f\u0131, s\u00f6z konusu de\u011fi\u015fikli\u011fin, insan haklar\u0131 ihlalleri ve silah programlar\u0131yla ilgili k\u0131s\u0131tlamalar\u0131 korurken yapt\u0131r\u0131mlar\u0131n kademeli olarak hafifletilmesine y\u00f6nelik bir yol haritas\u0131 uygulamaya \u00e7al\u0131\u015fan Avrupa Birli\u011fi ile koordinasyon \u00e7er\u00e7evesinde geldi\u011fini bildirdi.<\/p>\n","protected":false},"author":39,"featured_media":324526,"comment_status":"closed","ping_status":"closed","sticky":false,"template":"","format":"standard","meta":{"footnotes":""},"categories":[458,589,459,17988],"tags":[],"class_list":["post-324525","post","type-post","status-publish","format-standard","has-post-thumbnail","","category-dunya1","category-haber-seridi","category-haberler-arap-uluslararasi-politika","category-son-haberler"],"_links":{"self":[{"href":"https:\/\/archive.sana.sy\/tr\/index.php?rest_route=\/wp\/v2\/posts\/324525","targetHints":{"allow":["GET"]}}],"collection":[{"href":"https:\/\/archive.sana.sy\/tr\/index.php?rest_route=\/wp\/v2\/posts"}],"about":[{"href":"https:\/\/archive.sana.sy\/tr\/index.php?rest_route=\/wp\/v2\/types\/post"}],"author":[{"embeddable":true,"href":"https:\/\/archive.sana.sy\/tr\/index.php?rest_route=\/wp\/v2\/users\/39"}],"replies":[{"embeddable":true,"href":"https:\/\/archive.sana.sy\/tr\/index.php?rest_route=%2Fwp%2Fv2%2Fcomments&post=324525"}],"version-history":[{"count":2,"href":"https:\/\/archive.sana.sy\/tr\/index.php?rest_route=\/wp\/v2\/posts\/324525\/revisions"}],"predecessor-version":[{"id":324538,"href":"https:\/\/archive.sana.sy\/tr\/index.php?rest_route=\/wp\/v2\/posts\/324525\/revisions\/324538"}],"wp:featuredmedia":[{"embeddable":true,"href":"https:\/\/archive.sana.sy\/tr\/index.php?rest_route=\/wp\/v2\/media\/324526"}],"wp:attachment":[{"href":"https:\/\/archive.sana.sy\/tr\/index.php?rest_route=%2Fwp%2Fv2%2Fmedia&parent=324525"}],"wp:term":[{"taxonomy":"category","embeddable":true,"href":"https:\/\/archive.sana.sy\/tr\/index.php?rest_route=%2Fwp%2Fv2%2Fcategories&post=324525"},{"taxonomy":"post_tag","embeddable":true,"href":"https:\/\/archive.sana.sy\/tr\/index.php?rest_route=%2Fwp%2Fv2%2Ftags&post=324525"}],"curies":[{"name":"wp","href":"https:\/\/api.w.org\/{rel}","templated":true}]}}