{"id":324540,"date":"2025-07-03T20:16:56","date_gmt":"2025-07-03T17:16:56","guid":{"rendered":"https:\/\/sana.sy\/tr\/?p=324540"},"modified":"2025-07-03T20:17:34","modified_gmt":"2025-07-03T17:17:34","slug":"2500-yildan-fazla-bir-gecmise-sahip-arvad-adasinda-gemi-yapimi-eski-parlak-gunlerine-geri-donuyor","status":"publish","type":"post","link":"https:\/\/archive.sana.sy\/tr\/?p=324540","title":{"rendered":"2500 Y\u0131ldan Fazla Bir Ge\u00e7mi\u015fe Sahip\u2026 Arvad Adas\u0131\u2019nda Gemi Yap\u0131m\u0131 Eski Parlak G\u00fcnlerine Geri D\u00f6n\u00fcyor"},"content":{"rendered":"<p style=\"text-align: justify;\"><span style=\"color: #ff0000;\"><strong>TARTUS (SANA) &#8211;<\/strong><\/span> Arvad Adas\u0131\u2019nda deniz gemileri ve teknelerinin yap\u0131m\u0131, \u00f6nceki rejim d\u00f6neminde kar\u015f\u0131la\u015f\u0131lan bir\u00e7ok engel ve zorluklar\u0131n ortadan kalkmas\u0131yla yeniden canlanmaya ba\u015flad\u0131.<\/p>\n<p style=\"text-align: justify;\">Adan\u0131n sakinleri bu mesle\u011fi atalar\u0131ndan devralm\u0131\u015f, do\u011fal yetenek, uygulama ve deneme yoluyla geli\u015ftirmi\u015flerdir. Geleneksel el i\u015f\u00e7ili\u011fiyle ba\u015flayan bu sekt\u00f6r, g\u00fcn\u00fcm\u00fczde modern tekniklerin de eklenmesiyle geli\u015fme g\u00f6stermi\u015ftir.\u00a0 \u00a0 \u00a0 \u00a0 \u00a0 \u00a0 \u00a0 \u00a0 \u00a0 \u00a0 \u00a0 \u00a0 \u00a0 \u00a0 \u00a0 \u00a0 \u00a0 \u00a0 \u00a0 \u00a0 \u00a0 \u00a0 \u00a0 \u00a0 \u00a0 \u00a0 \u00a0 \u00a0 \u00a0 \u00a0 \u00a0 \u00a0 \u00a0 \u00a0 \u00a0 \u00a0 \u00a0 \u00a0 \u00a0 \u00a0 \u00a0 \u00a0 \u00a0 <img loading=\"lazy\" decoding=\"async\" class=\"size-full wp-image-324542 alignright\" src=\"http:\/\/sana.sy\/tr\/wp-content\/uploads\/2025\/07\/\u0662\u0660\u0662\u0665\u0660\u0667\u0660\u0662_\u0661\u0668\u0661\u0660\u0664\u0669-300x225-1.jpg\" alt=\"\" width=\"300\" height=\"225\" \/><\/p>\n<p style=\"text-align: justify;\">Meslekte 25 y\u0131ld\u0131r \u00e7al\u0131\u015fan adal\u0131 Halid Bahlavan, \u201cBu mesle\u011fi babamdan devrald\u0131m ve \u00e7ocuklar\u0131ma da aktaraca\u011f\u0131m. \u00d6zellikle Liman M\u00fcd\u00fcrl\u00fc\u011f\u00fc\u2019n\u00fcn i\u015f\u00e7ilere kar\u015f\u0131 uygulad\u0131\u011f\u0131 haks\u0131z prosed\u00fcrlerin kald\u0131r\u0131lmas\u0131ndan sonra, mesle\u011fimiz daha da kolayla\u015ft\u0131. \u00d6nceden gerekli olan odunun temini zordu ve Suriye liras\u0131 d\u0131\u015f\u0131nda i\u015flem yapmak yasakt\u0131. Bug\u00fcn Liman M\u00fcd\u00fcrl\u00fc\u011f\u00fc bizimle iyi ili\u015fkiler kuruyor ve i\u015fimizi kolayla\u015ft\u0131rmak i\u00e7in t\u00fcm imk\u00e2nlar\u0131 sa\u011fl\u0131yor\u201d ifadelerini kulland\u0131.<\/p>\n<p style=\"text-align: justify;\">Ayr\u0131ca adal\u0131 ve gemi yap\u0131m uzman\u0131 Muhammed Bahlavan, makine kullan\u0131m\u0131n\u0131n ba\u015flamas\u0131yla mesle\u011fin b\u00fcy\u00fck ilerleme kaydetti\u011fini belirterek, \u201cBu sekt\u00f6r marangoz, boyac\u0131, demirci ve terzi gibi bir\u00e7ok meslek sahibine istihdam sa\u011fl\u0131yor. Bir geminin yap\u0131m\u0131, boyutuna ba\u011fl\u0131 olarak iki aydan alt\u0131 aya kadar s\u00fcrmektedir\u201d dedi.<\/p>\n<p style=\"text-align: justify;\">Arvad Adas\u0131\u2019nda ah\u015fap gemi ve tekne yap\u0131m\u0131 Fenike d\u00f6nemine kadar uzanmakta olup, 2500 y\u0131l\u0131 a\u015fk\u0131n bir ge\u00e7mi\u015fe sahiptir. Bu gelenek, devam\u0131n\u0131 tehdit eden pek \u00e7ok tehlikeyle kar\u015f\u0131 kar\u015f\u0131ya kalm\u0131\u015ft\u0131r. Hatta adan\u0131n bir\u00e7ok sakini, maddi getirinin d\u00fc\u015f\u00fck olmas\u0131 ve \u00f6nceki rejim d\u00f6neminde \u00fcretimlerini ihra\u00e7 edememeleri nedeniyle bu mesle\u011fi b\u0131rakm\u0131\u015f ve yok olaca\u011f\u0131n\u0131 d\u00fc\u015f\u00fcnm\u00fc\u015ft\u00fcr.<\/p>\n<div id='gallery-1' class='gallery galleryid-324540 gallery-columns-3 gallery-size-thumbnail'><figure class='gallery-item'>\n\t\t\t<div class='gallery-icon landscape'>\n\t\t\t\t<a href='https:\/\/archive.sana.sy\/tr\/?attachment_id=324543'><img loading=\"lazy\" decoding=\"async\" width=\"150\" height=\"150\" src=\"https:\/\/archive.sana.sy\/tr\/wp-content\/uploads\/2025\/07\/DSC02497-300x194-1-150x150.jpg\" class=\"attachment-thumbnail size-thumbnail\" alt=\"\" \/><\/a>\n\t\t\t<\/div><\/figure><figure class='gallery-item'>\n\t\t\t<div class='gallery-icon landscape'>\n\t\t\t\t<a href='https:\/\/archive.sana.sy\/tr\/?attachment_id=324544'><img loading=\"lazy\" decoding=\"async\" width=\"150\" height=\"150\" src=\"https:\/\/archive.sana.sy\/tr\/wp-content\/uploads\/2025\/07\/DSC02514-300x183-1-150x150.jpg\" class=\"attachment-thumbnail size-thumbnail\" alt=\"\" \/><\/a>\n\t\t\t<\/div><\/figure><figure class='gallery-item'>\n\t\t\t<div class='gallery-icon landscape'>\n\t\t\t\t<a href='https:\/\/archive.sana.sy\/tr\/?attachment_id=324545'><img loading=\"lazy\" decoding=\"async\" width=\"150\" height=\"150\" src=\"https:\/\/archive.sana.sy\/tr\/wp-content\/uploads\/2025\/07\/DSC02532-300x200-1-150x150.jpg\" class=\"attachment-thumbnail size-thumbnail\" alt=\"\" \/><\/a>\n\t\t\t<\/div><\/figure>\n\t\t<\/div>\n\n","protected":false},"excerpt":{"rendered":"<p>TARTUS (SANA) &#8211; Arvad Adas\u0131\u2019nda deniz gemileri ve teknelerinin yap\u0131m\u0131, \u00f6nceki rejim d\u00f6neminde kar\u015f\u0131la\u015f\u0131lan bir\u00e7ok engel ve zorluklar\u0131n ortadan kalkmas\u0131yla yeniden canlanmaya ba\u015flad\u0131. Adan\u0131n sakinleri bu mesle\u011fi atalar\u0131ndan devralm\u0131\u015f, do\u011fal yetenek, uygulama ve deneme yoluyla geli\u015ftirmi\u015flerdir. Geleneksel el i\u015f\u00e7ili\u011fiyle ba\u015flayan bu sekt\u00f6r, g\u00fcn\u00fcm\u00fczde modern tekniklerin de eklenmesiyle geli\u015fme g\u00f6stermi\u015ftir.\u00a0 \u00a0 \u00a0 \u00a0 \u00a0 \u00a0 \u00a0 &hellip;<\/p>\n","protected":false},"author":41,"featured_media":324541,"comment_status":"closed","ping_status":"closed","sticky":false,"template":"","format":"standard","meta":{"footnotes":""},"categories":[589,479,17988,478],"tags":[],"class_list":["post-324540","post","type-post","status-publish","format-standard","has-post-thumbnail","","category-haber-seridi","category-haberler-yerel","category-son-haberler","category-yerel"],"_links":{"self":[{"href":"https:\/\/archive.sana.sy\/tr\/index.php?rest_route=\/wp\/v2\/posts\/324540","targetHints":{"allow":["GET"]}}],"collection":[{"href":"https:\/\/archive.sana.sy\/tr\/index.php?rest_route=\/wp\/v2\/posts"}],"about":[{"href":"https:\/\/archive.sana.sy\/tr\/index.php?rest_route=\/wp\/v2\/types\/post"}],"author":[{"embeddable":true,"href":"https:\/\/archive.sana.sy\/tr\/index.php?rest_route=\/wp\/v2\/users\/41"}],"replies":[{"embeddable":true,"href":"https:\/\/archive.sana.sy\/tr\/index.php?rest_route=%2Fwp%2Fv2%2Fcomments&post=324540"}],"version-history":[{"count":2,"href":"https:\/\/archive.sana.sy\/tr\/index.php?rest_route=\/wp\/v2\/posts\/324540\/revisions"}],"predecessor-version":[{"id":324547,"href":"https:\/\/archive.sana.sy\/tr\/index.php?rest_route=\/wp\/v2\/posts\/324540\/revisions\/324547"}],"wp:featuredmedia":[{"embeddable":true,"href":"https:\/\/archive.sana.sy\/tr\/index.php?rest_route=\/wp\/v2\/media\/324541"}],"wp:attachment":[{"href":"https:\/\/archive.sana.sy\/tr\/index.php?rest_route=%2Fwp%2Fv2%2Fmedia&parent=324540"}],"wp:term":[{"taxonomy":"category","embeddable":true,"href":"https:\/\/archive.sana.sy\/tr\/index.php?rest_route=%2Fwp%2Fv2%2Fcategories&post=324540"},{"taxonomy":"post_tag","embeddable":true,"href":"https:\/\/archive.sana.sy\/tr\/index.php?rest_route=%2Fwp%2Fv2%2Ftags&post=324540"}],"curies":[{"name":"wp","href":"https:\/\/api.w.org\/{rel}","templated":true}]}}