{"id":3246,"date":"2014-06-16T09:20:32","date_gmt":"2014-06-16T06:20:32","guid":{"rendered":"http:\/\/sanasyria.org\/tr\/?p=3246"},"modified":"2014-06-19T13:02:47","modified_gmt":"2014-06-19T10:02:47","slug":"sebeke-lideri-guantanamo-mahkumuydu","status":"publish","type":"post","link":"https:\/\/archive.sana.sy\/tr\/?p=3246","title":{"rendered":"\u015eebeke Lideri Guantanamo Mahkumuydu"},"content":{"rendered":"<p><span style=\"color: #800000\">MADR\u0130D \u2013<\/span> \u0130spanya \u0130\u00e7i\u015fleri Bakanl\u0131\u011f\u0131 bug\u00fcn; Suriye ve Irak\u2019ta silahl\u0131 ter\u00f6r gruplar\u0131na kat\u0131lmak \u00fczere vatanda\u015flar\u0131 \u00f6rg\u00fctleyip g\u00f6nderen bir \u015febekeyi \u00e7\u00f6kertti\u011fini ilan etti.<\/p>\n<p>\u0130spanya \u0130\u00e7i\u015fleri Bakanl\u0131\u011f\u0131 yay\u0131nlad\u0131\u011f\u0131 ve AFP\u2019nin aktard\u0131\u011f\u0131 bildiride; \u015febeke liderinin daha \u00f6nce Guantanamo Cezaevinde yatan mahkumlardan biri oldu\u011funu a\u00e7\u0131klarken, \u015febeke \u00fcyelerinden 8 ki\u015finin tutukland\u0131\u011f\u0131n\u0131 belirtti.<\/p>\n<p>Bakanl\u0131k sabah saatlerinde ba\u015flat\u0131lan operasyonda 12 mevkiin bas\u0131l\u0131p arand\u0131\u011f\u0131na i\u015faret ederek, \u015febekedeki di\u011fer \u00fcyelerin tutuklanmalar\u0131 i\u00e7in \u00e7al\u0131\u015fmalar\u0131n devam etti\u011fini ifade etti.<\/p>\n<p>\u0130spanya \u0130\u00e7i\u015fleri Bakanl\u0131\u011f\u0131 \u015febekenin uluslar aras\u0131 bir \u015febeke oldu\u011funa dikkat \u00e7ekti.<\/p>\n","protected":false},"excerpt":{"rendered":"<p>MADR\u0130D \u2013 \u0130spanya \u0130\u00e7i\u015fleri Bakanl\u0131\u011f\u0131 bug\u00fcn; Suriye ve Irak\u2019ta silahl\u0131 ter\u00f6r gruplar\u0131na kat\u0131lmak \u00fczere vatanda\u015flar\u0131 \u00f6rg\u00fctleyip g\u00f6nderen bir \u015febekeyi \u00e7\u00f6kertti\u011fini ilan etti. \u0130spanya \u0130\u00e7i\u015fleri Bakanl\u0131\u011f\u0131 yay\u0131nlad\u0131\u011f\u0131 ve AFP\u2019nin aktard\u0131\u011f\u0131 bildiride; \u015febeke liderinin daha \u00f6nce Guantanamo Cezaevinde yatan mahkumlardan biri oldu\u011funu a\u00e7\u0131klarken, \u015febeke \u00fcyelerinden 8 ki\u015finin tutukland\u0131\u011f\u0131n\u0131 belirtti. Bakanl\u0131k sabah saatlerinde ba\u015flat\u0131lan operasyonda 12 mevkiin bas\u0131l\u0131p &hellip;<\/p>\n","protected":false},"author":1,"featured_media":3247,"comment_status":"closed","ping_status":"closed","sticky":false,"template":"","format":"standard","meta":{"footnotes":""},"categories":[458,459,447],"tags":[716],"class_list":["post-3246","post","type-post","status-publish","format-standard","has-post-thumbnail","","category-dunya1","category-haberler-arap-uluslararasi-politika","category-politika","tag-sebeke-lideri-guantanamo-mahkumuydu"],"_links":{"self":[{"href":"https:\/\/archive.sana.sy\/tr\/index.php?rest_route=\/wp\/v2\/posts\/3246","targetHints":{"allow":["GET"]}}],"collection":[{"href":"https:\/\/archive.sana.sy\/tr\/index.php?rest_route=\/wp\/v2\/posts"}],"about":[{"href":"https:\/\/archive.sana.sy\/tr\/index.php?rest_route=\/wp\/v2\/types\/post"}],"author":[{"embeddable":true,"href":"https:\/\/archive.sana.sy\/tr\/index.php?rest_route=\/wp\/v2\/users\/1"}],"replies":[{"embeddable":true,"href":"https:\/\/archive.sana.sy\/tr\/index.php?rest_route=%2Fwp%2Fv2%2Fcomments&post=3246"}],"version-history":[{"count":0,"href":"https:\/\/archive.sana.sy\/tr\/index.php?rest_route=\/wp\/v2\/posts\/3246\/revisions"}],"wp:featuredmedia":[{"embeddable":true,"href":"https:\/\/archive.sana.sy\/tr\/index.php?rest_route=\/wp\/v2\/media\/3247"}],"wp:attachment":[{"href":"https:\/\/archive.sana.sy\/tr\/index.php?rest_route=%2Fwp%2Fv2%2Fmedia&parent=3246"}],"wp:term":[{"taxonomy":"category","embeddable":true,"href":"https:\/\/archive.sana.sy\/tr\/index.php?rest_route=%2Fwp%2Fv2%2Fcategories&post=3246"},{"taxonomy":"post_tag","embeddable":true,"href":"https:\/\/archive.sana.sy\/tr\/index.php?rest_route=%2Fwp%2Fv2%2Ftags&post=3246"}],"curies":[{"name":"wp","href":"https:\/\/api.w.org\/{rel}","templated":true}]}}