{"id":324654,"date":"2025-07-04T15:06:21","date_gmt":"2025-07-04T12:06:21","guid":{"rendered":"https:\/\/sana.sy\/tr\/?p=324654"},"modified":"2025-07-05T16:59:34","modified_gmt":"2025-07-05T13:59:34","slug":"abd-ve-suriye-disisleri-bakanlari-arasinda-telefon-gorusmesi-gerceklesti","status":"publish","type":"post","link":"https:\/\/archive.sana.sy\/tr\/?p=324654","title":{"rendered":"ABD ve Suriye D\u0131\u015fi\u015fleri Bakanlar\u0131 Aras\u0131nda Telefon G\u00f6r\u00fc\u015fmesi Ger\u00e7ekle\u015fti"},"content":{"rendered":"<p style=\"text-align: justify;\"><span style=\"color: #ff0000;\"><strong>\u015eAM (SANA) &#8211;<\/strong> <\/span>Suriye D\u0131\u015fi\u015fleri ve Gurbet\u00e7iler Bakan\u0131 Asaad El \u015eeybani, ABD D\u0131\u015fi\u015fleri Bakan\u0131 Marco Rubio ile bir telefon g\u00f6r\u00fc\u015fmesi ger\u00e7ekle\u015ftirdi. G\u00f6r\u00fc\u015fmede taraflar, ortak ilgi alanlar\u0131na giren \u00e7e\u015fitli konular\u0131 ele ald\u0131. Bunlar\u0131n ba\u015f\u0131nda Amerikan yapt\u0131r\u0131mlar\u0131, kimyasal silahlar dosyas\u0131, \u0130ran m\u00fcdahalesi, ter\u00f6rle m\u00fccadele, \u0130srail ihlalleri ve ikili diplomatik ili\u015fkiler yer ald\u0131.<\/p>\n<p style=\"text-align: justify;\">Taraflar, kimyasal silahlar konusuyla ilgili ortak bir koordinasyon komitesi kurulmas\u0131 konusunda mutab\u0131k kald\u0131. S\u00f6z konusu komiteye her iki \u00fclke de kat\u0131l\u0131m sa\u011flayacak.<\/p>\n<p style=\"text-align: justify;\">Suriye\u2019deki \u0130ran tehdidine ili\u015fkin olarak \u015eam y\u00f6netimi, Tahran\u2019\u0131n Suriye i\u00e7 i\u015flerine artan m\u00fcdahalesinden duydu\u011fu endi\u015feyi dile getirdi. \u00d6zellikle son d\u00f6nemde \u0130ran hedeflerine y\u00f6nelik ger\u00e7ekle\u015ftirilen sald\u0131r\u0131lar\u0131n ard\u0131ndan bu m\u00fcdahalelerin artt\u0131\u011f\u0131na dikkat \u00e7ekildi. ABD taraf\u0131 da \u0130ran\u2019\u0131n mevcut ajandas\u0131 do\u011frultusunda b\u00f6lgede g\u00fc\u00e7 dengelerini de\u011fi\u015ftirme \u00e7abas\u0131n\u0131 s\u00fcrd\u00fcrece\u011fi uyar\u0131s\u0131nda bulundu.<\/p>\n<p style=\"text-align: justify;\">Ter\u00f6rle m\u00fccadele dosyas\u0131nda, taraflar DEA\u015e\u2019\u0131n h\u00e2len ciddi bir tehdit olu\u015fturdu\u011funu vurgulad\u0131. Son d\u00f6nemde ya\u015fanan ter\u00f6r sald\u0131r\u0131lar\u0131 ve patlamalar bu tehdidin boyutunu ortaya koydu. Bu ba\u011flamda, istihbarat payla\u015f\u0131m\u0131n\u0131n art\u0131r\u0131lmas\u0131 ve Suriye g\u00fcvenlik birimlerinin kapasitesinin geli\u015ftirilmesi y\u00f6n\u00fcnde i\u015f birli\u011fi ele al\u0131nd\u0131.<\/p>\n<p style=\"text-align: justify;\">G\u00f6r\u00fc\u015fmede ayr\u0131ca, \u0130srail\u2019in Suriye\u2019nin g\u00fcneyine y\u00f6nelik tekrarlanan sald\u0131r\u0131lar\u0131 da g\u00fcndeme geldi. Bakan \u015eibani, Suriye\u2019nin 1974 tarihli Ate\u015fkes Anla\u015fmas\u0131 \u00e7er\u00e7evesinde ABD ile i\u015f birli\u011fine a\u00e7\u0131k oldu\u011funu ifade etti. Bakan Rubio ise, b\u00f6lgenin kar\u015f\u0131 kar\u015f\u0131ya oldu\u011fu en k\u00f6t\u00fc senaryonun Suriye\u2019nin b\u00f6l\u00fcnmesi ya da yeniden i\u00e7 sava\u015fa s\u00fcr\u00fcklenmesi olaca\u011f\u0131na dikkat \u00e7ekti.<\/p>\n<p style=\"text-align: justify;\">G\u00f6r\u00fc\u015fmenin sonunda, ABD taraf\u0131 \u015eam\u2019daki b\u00fcy\u00fckel\u00e7ili\u011fini yeniden a\u00e7ma arzusunu dile getirdi. Bu do\u011frultuda Bakan \u015eibani\u2019ye Washington\u2019a resmi bir ziyaret davetinde bulunuldu. Suriye taraf\u0131 da bu daveti olumlu kar\u015f\u0131lad\u0131. Bu ad\u0131m\u0131n, iki \u00fclke aras\u0131ndaki diplomatik ili\u015fkilerin yeniden canland\u0131r\u0131lmas\u0131 yolunda somut bir ilerleme oldu\u011fu ifade edildi.<\/p>\n","protected":false},"excerpt":{"rendered":"<p>\u015eAM (SANA) &#8211; Suriye D\u0131\u015fi\u015fleri ve Gurbet\u00e7iler Bakan\u0131 Asaad El \u015eeybani, ABD D\u0131\u015fi\u015fleri Bakan\u0131 Marco Rubio ile bir telefon g\u00f6r\u00fc\u015fmesi ger\u00e7ekle\u015ftirdi. G\u00f6r\u00fc\u015fmede taraflar, ortak ilgi alanlar\u0131na giren \u00e7e\u015fitli konular\u0131 ele ald\u0131. Bunlar\u0131n ba\u015f\u0131nda Amerikan yapt\u0131r\u0131mlar\u0131, kimyasal silahlar dosyas\u0131, \u0130ran m\u00fcdahalesi, ter\u00f6rle m\u00fccadele, \u0130srail ihlalleri ve ikili diplomatik ili\u015fkiler yer ald\u0131. Taraflar, kimyasal silahlar konusuyla ilgili &hellip;<\/p>\n","protected":false},"author":44,"featured_media":324655,"comment_status":"closed","ping_status":"closed","sticky":false,"template":"","format":"standard","meta":{"footnotes":""},"categories":[589,479,17988,2554,478],"tags":[43995],"class_list":["post-324654","post","type-post","status-publish","format-standard","has-post-thumbnail","","category-haber-seridi","category-haberler-yerel","category-son-haberler","category-suriye-ve-dunya","category-yerel","tag-abd-ve-suriye-disisleri-bakanlari-arasinda-telefon-gorusmesi-gerceklesti"],"_links":{"self":[{"href":"https:\/\/archive.sana.sy\/tr\/index.php?rest_route=\/wp\/v2\/posts\/324654","targetHints":{"allow":["GET"]}}],"collection":[{"href":"https:\/\/archive.sana.sy\/tr\/index.php?rest_route=\/wp\/v2\/posts"}],"about":[{"href":"https:\/\/archive.sana.sy\/tr\/index.php?rest_route=\/wp\/v2\/types\/post"}],"author":[{"embeddable":true,"href":"https:\/\/archive.sana.sy\/tr\/index.php?rest_route=\/wp\/v2\/users\/44"}],"replies":[{"embeddable":true,"href":"https:\/\/archive.sana.sy\/tr\/index.php?rest_route=%2Fwp%2Fv2%2Fcomments&post=324654"}],"version-history":[{"count":1,"href":"https:\/\/archive.sana.sy\/tr\/index.php?rest_route=\/wp\/v2\/posts\/324654\/revisions"}],"predecessor-version":[{"id":324656,"href":"https:\/\/archive.sana.sy\/tr\/index.php?rest_route=\/wp\/v2\/posts\/324654\/revisions\/324656"}],"wp:featuredmedia":[{"embeddable":true,"href":"https:\/\/archive.sana.sy\/tr\/index.php?rest_route=\/wp\/v2\/media\/324655"}],"wp:attachment":[{"href":"https:\/\/archive.sana.sy\/tr\/index.php?rest_route=%2Fwp%2Fv2%2Fmedia&parent=324654"}],"wp:term":[{"taxonomy":"category","embeddable":true,"href":"https:\/\/archive.sana.sy\/tr\/index.php?rest_route=%2Fwp%2Fv2%2Fcategories&post=324654"},{"taxonomy":"post_tag","embeddable":true,"href":"https:\/\/archive.sana.sy\/tr\/index.php?rest_route=%2Fwp%2Fv2%2Ftags&post=324654"}],"curies":[{"name":"wp","href":"https:\/\/api.w.org\/{rel}","templated":true}]}}