{"id":324661,"date":"2025-07-05T09:15:36","date_gmt":"2025-07-05T06:15:36","guid":{"rendered":"https:\/\/sana.sy\/tr\/?p=324661"},"modified":"2025-07-05T09:56:03","modified_gmt":"2025-07-05T06:56:03","slug":"erdogan-suriyenin-geldigi-asama-bolge-icin-umut-isigidir","status":"publish","type":"post","link":"https:\/\/archive.sana.sy\/tr\/?p=324661","title":{"rendered":"Erdo\u011fan: Suriye&#8217;nin Geldi\u011fi A\u015fama B\u00f6lge \u0130\u00e7in Umut I\u015f\u0131\u011f\u0131d\u0131r"},"content":{"rendered":"<p style=\"text-align: justify;\"><strong><span style=\"color: #ff0000;\">BAK\u00dc (SANA) &#8211;<\/span><\/strong> T\u00fcrkiye Cumhurba\u015fkan\u0131 Recep Tayyip Erdo\u011fan, Suriye&#8217;nin y\u0131llard\u0131r s\u00fcren halk m\u00fccadelesinin ard\u0131ndan geldi\u011fi a\u015faman\u0131n b\u00f6lge i\u00e7in bir umut \u0131\u015f\u0131\u011f\u0131 oldu\u011funu vurgulad\u0131.<\/p>\n<p style=\"text-align: justify;\">Anadolu Ajans\u0131, Erdo\u011fan&#8217;\u0131n bug\u00fcn Azerbaycan&#8217;\u0131n Hankendi kentinde d\u00fczenlenen 17. Ekonomik \u0130\u015fbirli\u011fi \u00d6rg\u00fct\u00fc Zirvesi&#8217;nde yapt\u0131\u011f\u0131 konu\u015fmada \u015funlar\u0131 s\u00f6yledi\u011fini aktard\u0131: &#8220;Uluslararas\u0131 toplumun bu kritik d\u00f6nemde Suriye&#8217;ye mali destek sa\u011flamaya ve yeni y\u00f6netimle ili\u015fkilerini geli\u015ftirmeye devam etmesi son derece \u00f6nemlidir.&#8221;<\/p>\n<p style=\"text-align: justify;\">Erdo\u011fan ayr\u0131ca \u0130srail&#8217;in sald\u0131rgan politikalar\u0131n\u0131n, Gazze \u015eeridi&#8217;ne y\u00f6nelik sava\u015f\u0131n\u0131n ve Suriye ile L\u00fcbnan&#8217;a y\u00f6nelik sald\u0131r\u0131lar\u0131n\u0131n b\u00f6lgedeki bar\u0131\u015f ve istikrar\u0131 tehdit etti\u011fini belirterek, Gazze&#8217;deki vah\u015feti durdurmak i\u00e7in birlik \u00e7a\u011fr\u0131s\u0131nda bulundu.<\/p>\n","protected":false},"excerpt":{"rendered":"<p>BAK\u00dc (SANA) &#8211; T\u00fcrkiye Cumhurba\u015fkan\u0131 Recep Tayyip Erdo\u011fan, Suriye&#8217;nin y\u0131llard\u0131r s\u00fcren halk m\u00fccadelesinin ard\u0131ndan geldi\u011fi a\u015faman\u0131n b\u00f6lge i\u00e7in bir umut \u0131\u015f\u0131\u011f\u0131 oldu\u011funu vurgulad\u0131. Anadolu Ajans\u0131, Erdo\u011fan&#8217;\u0131n bug\u00fcn Azerbaycan&#8217;\u0131n Hankendi kentinde d\u00fczenlenen 17. Ekonomik \u0130\u015fbirli\u011fi \u00d6rg\u00fct\u00fc Zirvesi&#8217;nde yapt\u0131\u011f\u0131 konu\u015fmada \u015funlar\u0131 s\u00f6yledi\u011fini aktard\u0131: &#8220;Uluslararas\u0131 toplumun bu kritik d\u00f6nemde Suriye&#8217;ye mali destek sa\u011flamaya ve yeni y\u00f6netimle ili\u015fkilerini geli\u015ftirmeye &hellip;<\/p>\n","protected":false},"author":44,"featured_media":324662,"comment_status":"closed","ping_status":"closed","sticky":false,"template":"","format":"standard","meta":{"footnotes":""},"categories":[458,589,459,17988],"tags":[43997],"class_list":["post-324661","post","type-post","status-publish","format-standard","has-post-thumbnail","","category-dunya1","category-haber-seridi","category-haberler-arap-uluslararasi-politika","category-son-haberler","tag-erdogan-suriyenin-geldigi-asama-bolge-icin-umut-isigidir"],"_links":{"self":[{"href":"https:\/\/archive.sana.sy\/tr\/index.php?rest_route=\/wp\/v2\/posts\/324661","targetHints":{"allow":["GET"]}}],"collection":[{"href":"https:\/\/archive.sana.sy\/tr\/index.php?rest_route=\/wp\/v2\/posts"}],"about":[{"href":"https:\/\/archive.sana.sy\/tr\/index.php?rest_route=\/wp\/v2\/types\/post"}],"author":[{"embeddable":true,"href":"https:\/\/archive.sana.sy\/tr\/index.php?rest_route=\/wp\/v2\/users\/44"}],"replies":[{"embeddable":true,"href":"https:\/\/archive.sana.sy\/tr\/index.php?rest_route=%2Fwp%2Fv2%2Fcomments&post=324661"}],"version-history":[{"count":1,"href":"https:\/\/archive.sana.sy\/tr\/index.php?rest_route=\/wp\/v2\/posts\/324661\/revisions"}],"predecessor-version":[{"id":324663,"href":"https:\/\/archive.sana.sy\/tr\/index.php?rest_route=\/wp\/v2\/posts\/324661\/revisions\/324663"}],"wp:featuredmedia":[{"embeddable":true,"href":"https:\/\/archive.sana.sy\/tr\/index.php?rest_route=\/wp\/v2\/media\/324662"}],"wp:attachment":[{"href":"https:\/\/archive.sana.sy\/tr\/index.php?rest_route=%2Fwp%2Fv2%2Fmedia&parent=324661"}],"wp:term":[{"taxonomy":"category","embeddable":true,"href":"https:\/\/archive.sana.sy\/tr\/index.php?rest_route=%2Fwp%2Fv2%2Fcategories&post=324661"},{"taxonomy":"post_tag","embeddable":true,"href":"https:\/\/archive.sana.sy\/tr\/index.php?rest_route=%2Fwp%2Fv2%2Ftags&post=324661"}],"curies":[{"name":"wp","href":"https:\/\/api.w.org\/{rel}","templated":true}]}}