{"id":324687,"date":"2025-07-05T14:07:34","date_gmt":"2025-07-05T11:07:34","guid":{"rendered":"https:\/\/sana.sy\/tr\/?p=324687"},"modified":"2025-07-05T14:07:34","modified_gmt":"2025-07-05T11:07:34","slug":"turkiye-sam-maslahatguzari-yeni-suriyeyi-her-alanda-destekliyoruz","status":"publish","type":"post","link":"https:\/\/archive.sana.sy\/tr\/?p=324687","title":{"rendered":"T\u00fcrkiye \u015eam Maslahatg\u00fczar\u0131: Yeni Suriye&#8217;yi Her Alanda Destekliyoruz"},"content":{"rendered":"<p style=\"text-align: justify;\"><span style=\"color: #ff0000;\"><strong>\u015eAM (SANA) &#8211;<\/strong> <\/span>T\u00fcrkiye \u015eam Maslahatg\u00fczar\u0131 B\u00fcy\u00fckel\u00e7i Burhan K\u00f6ro\u011flu, \u00fclkesinin yeni Suriye&#8217;yi destekleme iste\u011fini vurgulayarak, iki \u00fclke aras\u0131ndaki derin ekonomik yak\u0131nla\u015fmaya dikkat \u00e7ekti.<\/p>\n<p style=\"text-align: justify;\">K\u00f6ro\u011flu, Rudaw Medya A\u011f\u0131&#8217;na yapt\u0131\u011f\u0131 a\u00e7\u0131klamada \u015funlar\u0131 s\u00f6yledi: &#8220;\u015eu anda Suriye tarihinin yeni bir a\u015famas\u0131nday\u0131z&#8230; (yeni Suriye), yeniden yap\u0131lanma ve sanayi gibi her alanda geli\u015fmeyi gerektiriyor. Suriye&#8217;nin kom\u015fusu ve karde\u015f \u00fclkesi olan T\u00fcrkiye, bu \u00fclkenin yeni ba\u015flang\u0131c\u0131na katk\u0131da bulunmak istiyor ve Suriyeli karde\u015flerimizin bu sanayileri birlikte geli\u015ftirmelerini destekliyor.&#8221;<\/p>\n<p style=\"text-align: justify;\">B\u00fcy\u00fckel\u00e7i K\u00f6ro\u011flu ayr\u0131ca, bu yakla\u015f\u0131m\u0131 destekleyen rakamlar\u0131 vurgulayarak, &#8220;8 Aral\u0131k 2024&#8217;ten bu yana T\u00fcrkiye ile Suriye aras\u0131ndaki ihracat ve ithalat hacmi yakla\u015f\u0131k y\u00fczde 60 artt\u0131.&#8221; dedi.<\/p>\n","protected":false},"excerpt":{"rendered":"<p>\u015eAM (SANA) &#8211; T\u00fcrkiye \u015eam Maslahatg\u00fczar\u0131 B\u00fcy\u00fckel\u00e7i Burhan K\u00f6ro\u011flu, \u00fclkesinin yeni Suriye&#8217;yi destekleme iste\u011fini vurgulayarak, iki \u00fclke aras\u0131ndaki derin ekonomik yak\u0131nla\u015fmaya dikkat \u00e7ekti. K\u00f6ro\u011flu, Rudaw Medya A\u011f\u0131&#8217;na yapt\u0131\u011f\u0131 a\u00e7\u0131klamada \u015funlar\u0131 s\u00f6yledi: &#8220;\u015eu anda Suriye tarihinin yeni bir a\u015famas\u0131nday\u0131z&#8230; (yeni Suriye), yeniden yap\u0131lanma ve sanayi gibi her alanda geli\u015fmeyi gerektiriyor. Suriye&#8217;nin kom\u015fusu ve karde\u015f \u00fclkesi olan &hellip;<\/p>\n","protected":false},"author":44,"featured_media":324688,"comment_status":"closed","ping_status":"closed","sticky":false,"template":"","format":"standard","meta":{"footnotes":""},"categories":[589,479,17988,478],"tags":[44003],"class_list":["post-324687","post","type-post","status-publish","format-standard","has-post-thumbnail","","category-haber-seridi","category-haberler-yerel","category-son-haberler","category-yerel","tag-turkiye-sam-maslahatguzari-yeni-suriyeyi-her-alanda-destekliyoruz"],"_links":{"self":[{"href":"https:\/\/archive.sana.sy\/tr\/index.php?rest_route=\/wp\/v2\/posts\/324687","targetHints":{"allow":["GET"]}}],"collection":[{"href":"https:\/\/archive.sana.sy\/tr\/index.php?rest_route=\/wp\/v2\/posts"}],"about":[{"href":"https:\/\/archive.sana.sy\/tr\/index.php?rest_route=\/wp\/v2\/types\/post"}],"author":[{"embeddable":true,"href":"https:\/\/archive.sana.sy\/tr\/index.php?rest_route=\/wp\/v2\/users\/44"}],"replies":[{"embeddable":true,"href":"https:\/\/archive.sana.sy\/tr\/index.php?rest_route=%2Fwp%2Fv2%2Fcomments&post=324687"}],"version-history":[{"count":1,"href":"https:\/\/archive.sana.sy\/tr\/index.php?rest_route=\/wp\/v2\/posts\/324687\/revisions"}],"predecessor-version":[{"id":324689,"href":"https:\/\/archive.sana.sy\/tr\/index.php?rest_route=\/wp\/v2\/posts\/324687\/revisions\/324689"}],"wp:featuredmedia":[{"embeddable":true,"href":"https:\/\/archive.sana.sy\/tr\/index.php?rest_route=\/wp\/v2\/media\/324688"}],"wp:attachment":[{"href":"https:\/\/archive.sana.sy\/tr\/index.php?rest_route=%2Fwp%2Fv2%2Fmedia&parent=324687"}],"wp:term":[{"taxonomy":"category","embeddable":true,"href":"https:\/\/archive.sana.sy\/tr\/index.php?rest_route=%2Fwp%2Fv2%2Fcategories&post=324687"},{"taxonomy":"post_tag","embeddable":true,"href":"https:\/\/archive.sana.sy\/tr\/index.php?rest_route=%2Fwp%2Fv2%2Ftags&post=324687"}],"curies":[{"name":"wp","href":"https:\/\/api.w.org\/{rel}","templated":true}]}}