{"id":324710,"date":"2025-07-05T14:00:52","date_gmt":"2025-07-05T11:00:52","guid":{"rendered":"https:\/\/sana.sy\/tr\/?p=324710"},"modified":"2025-07-05T15:20:15","modified_gmt":"2025-07-05T12:20:15","slug":"urdun-icisleri-bakani-bu-yilin-basindan-bu-yana-yaklasik-97-bin-suriyeli-multeci-ulkesine-geri-dondu","status":"publish","type":"post","link":"https:\/\/archive.sana.sy\/tr\/?p=324710","title":{"rendered":"\u00dcrd\u00fcn \u0130\u00e7i\u015fleri Bakan\u0131: Bu Y\u0131l\u0131n Ba\u015f\u0131ndan Bu Yana Yakla\u015f\u0131k 97 Bin Suriyeli M\u00fclteci \u00dclkesine Geri D\u00f6nd\u00fc"},"content":{"rendered":"<p style=\"text-align: justify;\"><span style=\"color: #ff0000;\"><strong>Amman (SANA) &#8211;<\/strong><\/span> \u00dcrd\u00fcn \u0130\u00e7i\u015fleri Bakan\u0131 Mazen El Faraya, y\u0131lba\u015f\u0131ndan bu yana yakla\u015f\u0131k 97 bin Suriyeli m\u00fcltecinin \u00dcrd\u00fcn&#8217;den \u00fclkelerine g\u00f6n\u00fcll\u00fc olarak d\u00f6nd\u00fc\u011f\u00fcn\u00fc duyurdu.<\/p>\n<p style=\"text-align: justify;\">\u00dcrd\u00fcn&#8217;\u00fcn El Mamlaka televizyonu, El Faraya&#8217;n\u0131n bug\u00fcn Suriye ile Cabir s\u0131n\u0131r kap\u0131s\u0131ndaki Entegre S\u0131n\u0131r Y\u00f6netimi Operasyon Odas\u0131&#8217;n\u0131n a\u00e7\u0131l\u0131\u015f\u0131nda yapt\u0131\u011f\u0131 a\u00e7\u0131klamada \u015funlar\u0131 s\u00f6yledi: &#8220;Cabir s\u0131n\u0131r kap\u0131s\u0131, Kurban Bayram\u0131&#8217;ndan \u00f6nce a\u00e7\u0131l\u0131\u015f\u0131ndan bu yana en b\u00fcy\u00fck yolcu ve kargo trafi\u011fine tan\u0131k oldu.&#8221;<\/p>\n<p style=\"text-align: justify;\">Birle\u015fmi\u015f Milletler M\u00fclteciler Y\u00fcksek Komiserli\u011fi ise \u015funlar\u0131 kaydetti:\u2018\u20198 Aral\u0131k 2024 ile 30 Haziran 2025 tarihleri \u200b\u200baras\u0131nda yakla\u015f\u0131k 100 bin Suriyeli m\u00fclteci g\u00f6n\u00fcll\u00fc olarak \u00dcrd\u00fcn&#8217;den \u00fclkesine d\u00f6nd\u00fc. \u00d6n\u00fcm\u00fczdeki d\u00f6nemde Suriyeli m\u00fcltecilerin d\u00f6n\u00fc\u015f h\u0131z\u0131n\u0131n artmas\u0131 bekleniyor.\u2019\u2019<\/p>\n","protected":false},"excerpt":{"rendered":"<p>Amman (SANA) &#8211; \u00dcrd\u00fcn \u0130\u00e7i\u015fleri Bakan\u0131 Mazen El Faraya, y\u0131lba\u015f\u0131ndan bu yana yakla\u015f\u0131k 97 bin Suriyeli m\u00fcltecinin \u00dcrd\u00fcn&#8217;den \u00fclkelerine g\u00f6n\u00fcll\u00fc olarak d\u00f6nd\u00fc\u011f\u00fcn\u00fc duyurdu. \u00dcrd\u00fcn&#8217;\u00fcn El Mamlaka televizyonu, El Faraya&#8217;n\u0131n bug\u00fcn Suriye ile Cabir s\u0131n\u0131r kap\u0131s\u0131ndaki Entegre S\u0131n\u0131r Y\u00f6netimi Operasyon Odas\u0131&#8217;n\u0131n a\u00e7\u0131l\u0131\u015f\u0131nda yapt\u0131\u011f\u0131 a\u00e7\u0131klamada \u015funlar\u0131 s\u00f6yledi: &#8220;Cabir s\u0131n\u0131r kap\u0131s\u0131, Kurban Bayram\u0131&#8217;ndan \u00f6nce a\u00e7\u0131l\u0131\u015f\u0131ndan bu yana en &hellip;<\/p>\n","protected":false},"author":44,"featured_media":324711,"comment_status":"closed","ping_status":"closed","sticky":false,"template":"","format":"standard","meta":{"footnotes":""},"categories":[458,589,459,17988],"tags":[44009],"class_list":["post-324710","post","type-post","status-publish","format-standard","has-post-thumbnail","","category-dunya1","category-haber-seridi","category-haberler-arap-uluslararasi-politika","category-son-haberler","tag-urdun-icisleri-bakani-bu-yilin-basindan-bu-yana-yaklasik-97-bin-suriyeli-multeci-ulkesine-geri-dondu"],"_links":{"self":[{"href":"https:\/\/archive.sana.sy\/tr\/index.php?rest_route=\/wp\/v2\/posts\/324710","targetHints":{"allow":["GET"]}}],"collection":[{"href":"https:\/\/archive.sana.sy\/tr\/index.php?rest_route=\/wp\/v2\/posts"}],"about":[{"href":"https:\/\/archive.sana.sy\/tr\/index.php?rest_route=\/wp\/v2\/types\/post"}],"author":[{"embeddable":true,"href":"https:\/\/archive.sana.sy\/tr\/index.php?rest_route=\/wp\/v2\/users\/44"}],"replies":[{"embeddable":true,"href":"https:\/\/archive.sana.sy\/tr\/index.php?rest_route=%2Fwp%2Fv2%2Fcomments&post=324710"}],"version-history":[{"count":1,"href":"https:\/\/archive.sana.sy\/tr\/index.php?rest_route=\/wp\/v2\/posts\/324710\/revisions"}],"predecessor-version":[{"id":324712,"href":"https:\/\/archive.sana.sy\/tr\/index.php?rest_route=\/wp\/v2\/posts\/324710\/revisions\/324712"}],"wp:featuredmedia":[{"embeddable":true,"href":"https:\/\/archive.sana.sy\/tr\/index.php?rest_route=\/wp\/v2\/media\/324711"}],"wp:attachment":[{"href":"https:\/\/archive.sana.sy\/tr\/index.php?rest_route=%2Fwp%2Fv2%2Fmedia&parent=324710"}],"wp:term":[{"taxonomy":"category","embeddable":true,"href":"https:\/\/archive.sana.sy\/tr\/index.php?rest_route=%2Fwp%2Fv2%2Fcategories&post=324710"},{"taxonomy":"post_tag","embeddable":true,"href":"https:\/\/archive.sana.sy\/tr\/index.php?rest_route=%2Fwp%2Fv2%2Ftags&post=324710"}],"curies":[{"name":"wp","href":"https:\/\/api.w.org\/{rel}","templated":true}]}}