{"id":324742,"date":"2025-07-06T09:55:37","date_gmt":"2025-07-06T06:55:37","guid":{"rendered":"https:\/\/sana.sy\/tr\/?p=324742"},"modified":"2025-07-07T09:51:47","modified_gmt":"2025-07-07T06:51:47","slug":"cumhurbaskani-el-sara-lubnan-cumhuriyeti-bas-muftusunden-darul-fetva-altin-madalyasi-aldi","status":"publish","type":"post","link":"https:\/\/archive.sana.sy\/tr\/?p=324742","title":{"rendered":"Cumhurba\u015fkan\u0131 El \u015eara, L\u00fcbnan Cumhuriyeti Ba\u015f M\u00fcft\u00fcs\u00fcnden Daru&#8217;l Fetva Alt\u0131n Madalyas\u0131 Teslim Ald\u0131"},"content":{"rendered":"<p style=\"text-align: justify;\"><span style=\"color: #ff0000;\"><strong>\u015eAM (SANA)<\/strong> &#8211;<\/span> Cumhurba\u015fkan\u0131 Say\u0131n Ahmed \u015eara, \u015eam&#8217;daki Halk Saray\u0131&#8217;nda m\u00fcft\u00fcl\u00fck heyetini kabul ederken L\u00fcbnan Cumhuriyeti Ba\u015f M\u00fcft\u00fcs\u00fc \u015eeyh Abdullatif Deryan taraf\u0131ndan Daru&#8217;l Fetva Alt\u0131n Madalyas\u0131 ile \u00f6d\u00fcllendirildi.<\/p>\n<p style=\"text-align: justify;\">\u015eeyh Deryan, Arap duru\u015flar\u0131 ve Suriye hizmetindeki \u00e7abalar\u0131, katk\u0131lar\u0131 ve fedakarl\u0131klar\u0131 nedeniyle Cumhurba\u015fkan\u0131 El \u015eara&#8217;ya madalya sertifikas\u0131n\u0131 takdim etti.<\/p>\n<p style=\"text-align: justify;\">Daru&#8217;l Fetva Alt\u0131n Madalyas\u0131, L\u00fcbnan&#8217;daki M\u00fcft\u00fcl\u00fck taraf\u0131ndan, Cumhuriyet Ba\u015f M\u00fcft\u00fcs\u00fc taraf\u0131ndan temsil edilen, \u0130slami ve Arap duru\u015flar\u0131 ve ulusal ve dini ama\u00e7lara hizmet etme \u00e7abalar\u0131 nedeniyle tan\u0131nm\u0131\u015f ki\u015filere verilen y\u00fcksek profilli sembolik bir onurdur.<\/p>\n<p style=\"text-align: justify;\">\n","protected":false},"excerpt":{"rendered":"<p>\u015eAM (SANA) &#8211; Cumhurba\u015fkan\u0131 Say\u0131n Ahmed \u015eara, \u015eam&#8217;daki Halk Saray\u0131&#8217;nda m\u00fcft\u00fcl\u00fck heyetini kabul ederken L\u00fcbnan Cumhuriyeti Ba\u015f M\u00fcft\u00fcs\u00fc \u015eeyh Abdullatif Deryan taraf\u0131ndan Daru&#8217;l Fetva Alt\u0131n Madalyas\u0131 ile \u00f6d\u00fcllendirildi. \u015eeyh Deryan, Arap duru\u015flar\u0131 ve Suriye hizmetindeki \u00e7abalar\u0131, katk\u0131lar\u0131 ve fedakarl\u0131klar\u0131 nedeniyle Cumhurba\u015fkan\u0131 El \u015eara&#8217;ya madalya sertifikas\u0131n\u0131 takdim etti. Daru&#8217;l Fetva Alt\u0131n Madalyas\u0131, L\u00fcbnan&#8217;daki M\u00fcft\u00fcl\u00fck taraf\u0131ndan, Cumhuriyet &hellip;<\/p>\n","protected":false},"author":39,"featured_media":324743,"comment_status":"closed","ping_status":"closed","sticky":false,"template":"","format":"standard","meta":{"footnotes":""},"categories":[606,479,605,17988,478],"tags":[],"class_list":["post-324742","post","type-post","status-publish","format-standard","has-post-thumbnail","","category-cumhurbaskani","category-haberler-yerel","category-sayin-cumhurbaskani","category-son-haberler","category-yerel"],"_links":{"self":[{"href":"https:\/\/archive.sana.sy\/tr\/index.php?rest_route=\/wp\/v2\/posts\/324742","targetHints":{"allow":["GET"]}}],"collection":[{"href":"https:\/\/archive.sana.sy\/tr\/index.php?rest_route=\/wp\/v2\/posts"}],"about":[{"href":"https:\/\/archive.sana.sy\/tr\/index.php?rest_route=\/wp\/v2\/types\/post"}],"author":[{"embeddable":true,"href":"https:\/\/archive.sana.sy\/tr\/index.php?rest_route=\/wp\/v2\/users\/39"}],"replies":[{"embeddable":true,"href":"https:\/\/archive.sana.sy\/tr\/index.php?rest_route=%2Fwp%2Fv2%2Fcomments&post=324742"}],"version-history":[{"count":2,"href":"https:\/\/archive.sana.sy\/tr\/index.php?rest_route=\/wp\/v2\/posts\/324742\/revisions"}],"predecessor-version":[{"id":324848,"href":"https:\/\/archive.sana.sy\/tr\/index.php?rest_route=\/wp\/v2\/posts\/324742\/revisions\/324848"}],"wp:featuredmedia":[{"embeddable":true,"href":"https:\/\/archive.sana.sy\/tr\/index.php?rest_route=\/wp\/v2\/media\/324743"}],"wp:attachment":[{"href":"https:\/\/archive.sana.sy\/tr\/index.php?rest_route=%2Fwp%2Fv2%2Fmedia&parent=324742"}],"wp:term":[{"taxonomy":"category","embeddable":true,"href":"https:\/\/archive.sana.sy\/tr\/index.php?rest_route=%2Fwp%2Fv2%2Fcategories&post=324742"},{"taxonomy":"post_tag","embeddable":true,"href":"https:\/\/archive.sana.sy\/tr\/index.php?rest_route=%2Fwp%2Fv2%2Ftags&post=324742"}],"curies":[{"name":"wp","href":"https:\/\/api.w.org\/{rel}","templated":true}]}}