{"id":324793,"date":"2025-07-06T12:06:36","date_gmt":"2025-07-06T09:06:36","guid":{"rendered":"https:\/\/sana.sy\/tr\/?p=324793"},"modified":"2025-07-06T12:06:36","modified_gmt":"2025-07-06T09:06:36","slug":"urdunlu-itfaiye-ekipleri-yanginlarla-mucadeleye-destek-icin-suriyeye-ulasti","status":"publish","type":"post","link":"https:\/\/archive.sana.sy\/tr\/?p=324793","title":{"rendered":"\u00dcrd\u00fcnl\u00fc \u0130tfaiye Ekipleri, Yang\u0131nlarla M\u00fccadeleye Destek \u0130\u00e7in Suriye\u2019ye Ula\u015ft\u0131"},"content":{"rendered":"<p style=\"text-align: justify;\"><span style=\"color: #ff0000;\"><strong>\u015eAM (SANA) &#8211; <\/strong><\/span>Do\u011fal afetlerle m\u00fccadele kapsam\u0131nda b\u00f6lgesel i\u015f birli\u011fi \u00e7er\u00e7evesinde, \u00dcrd\u00fcn Sivil Savunma ekipleri bu sabah Suriye&#8217;nin Lazkiye iline do\u011fru yola \u00e7\u0131kt\u0131. Ekipler, ilin kuzey k\u0131rsal\u0131nda d\u00f6rt g\u00fcnd\u00fcr devam eden orman yang\u0131nlar\u0131n\u0131 s\u00f6nd\u00fcrme \u00e7al\u0131\u015fmalar\u0131na kat\u0131lmak \u00fczere b\u00f6lgeye sevk edildi.<\/p>\n<p style=\"text-align: justify;\"><img loading=\"lazy\" decoding=\"async\" class=\"size-full wp-image-324796 alignright\" src=\"http:\/\/sana.sy\/tr\/wp-content\/uploads\/2025\/07\/7777777777-1.jpg\" alt=\"\" width=\"300\" height=\"200\" \/>Acil Durum ve Afet Y\u00f6netimi Bakanl\u0131\u011f\u0131, \u00dcrd\u00fcn ekiplerinin Dera \u0130li&#8217;ndeki Nassib s\u0131n\u0131r kap\u0131s\u0131ndan Suriye topraklar\u0131na girdi\u011fini ve Suriye Sivil Savunma ekipleri taraf\u0131ndan y\u00fcr\u00fct\u00fclen yang\u0131n s\u00f6nd\u00fcrme \u00e7al\u0131\u015fmalar\u0131na destek olmak i\u00e7in derhal etkilenen b\u00f6lgelere gitti\u011fini duyurdu.<\/p>\n<p style=\"text-align: justify;\">Bakanl\u0131k, bu kat\u0131l\u0131m\u0131n, yo\u011fun ormanl\u0131k alanlar ve engebeli arazide \u00e7\u0131kan yang\u0131nlar\u0131n kontrol alt\u0131na al\u0131nmas\u0131n\u0131n zorlu\u011fu g\u00f6z \u00f6n\u00fcne al\u0131nd\u0131\u011f\u0131nda, \u00dcrd\u00fcn Ha\u015fimi Krall\u0131\u011f\u0131&#8217;n\u0131n destek ve yard\u0131m sa\u011flama iste\u011finden kaynakland\u0131\u011f\u0131n\u0131 belirtti.<\/p>\n<p style=\"text-align: justify;\">\u00d6te yandan, Suriye Sivil Savunma ekipleri, 62 yang\u0131n s\u00f6nd\u00fcrme timi ve orman birliklerinin yan\u0131 s\u0131ra T\u00fcrkiye\u2019den gelen kara ekipleri ile helikopter ve tar\u0131m u\u00e7aklar\u0131n\u0131n kat\u0131l\u0131m\u0131yla, da\u011fl\u0131k b\u00f6lgelerdeki yang\u0131nlar\u0131n yay\u0131lmas\u0131n\u0131 \u00f6nlemek ve alevleri kontrol alt\u0131na almak amac\u0131yla \u00e7al\u0131\u015fmalar\u0131n\u0131 aral\u0131ks\u0131z s\u00fcrd\u00fcr\u00fcyor.<\/p>\n<div id='gallery-1' class='gallery galleryid-324793 gallery-columns-3 gallery-size-full'><figure class='gallery-item'>\n\t\t\t<div class='gallery-icon landscape'>\n\t\t\t\t<a href='https:\/\/archive.sana.sy\/tr\/wp-content\/uploads\/2025\/07\/888-2.jpg'><img loading=\"lazy\" decoding=\"async\" width=\"2362\" height=\"1575\" src=\"https:\/\/archive.sana.sy\/tr\/wp-content\/uploads\/2025\/07\/888-2.jpg\" class=\"attachment-full size-full\" alt=\"\" srcset=\"https:\/\/archive.sana.sy\/tr\/wp-content\/uploads\/2025\/07\/888-2.jpg 2362w, https:\/\/archive.sana.sy\/tr\/wp-content\/uploads\/2025\/07\/888-2-300x200.jpg 300w, https:\/\/archive.sana.sy\/tr\/wp-content\/uploads\/2025\/07\/888-2-1024x683.jpg 1024w, https:\/\/archive.sana.sy\/tr\/wp-content\/uploads\/2025\/07\/888-2-768x512.jpg 768w, https:\/\/archive.sana.sy\/tr\/wp-content\/uploads\/2025\/07\/888-2-1536x1024.jpg 1536w, https:\/\/archive.sana.sy\/tr\/wp-content\/uploads\/2025\/07\/888-2-2048x1366.jpg 2048w\" sizes=\"auto, (max-width: 2362px) 100vw, 2362px\" \/><\/a>\n\t\t\t<\/div><\/figure><figure class='gallery-item'>\n\t\t\t<div class='gallery-icon landscape'>\n\t\t\t\t<a href='https:\/\/archive.sana.sy\/tr\/wp-content\/uploads\/2025\/07\/888-4.jpg'><img loading=\"lazy\" decoding=\"async\" width=\"2362\" height=\"1575\" src=\"https:\/\/archive.sana.sy\/tr\/wp-content\/uploads\/2025\/07\/888-4.jpg\" class=\"attachment-full size-full\" alt=\"\" srcset=\"https:\/\/archive.sana.sy\/tr\/wp-content\/uploads\/2025\/07\/888-4.jpg 2362w, https:\/\/archive.sana.sy\/tr\/wp-content\/uploads\/2025\/07\/888-4-300x200.jpg 300w, https:\/\/archive.sana.sy\/tr\/wp-content\/uploads\/2025\/07\/888-4-1024x683.jpg 1024w, https:\/\/archive.sana.sy\/tr\/wp-content\/uploads\/2025\/07\/888-4-768x512.jpg 768w, https:\/\/archive.sana.sy\/tr\/wp-content\/uploads\/2025\/07\/888-4-1536x1024.jpg 1536w, https:\/\/archive.sana.sy\/tr\/wp-content\/uploads\/2025\/07\/888-4-2048x1366.jpg 2048w\" sizes=\"auto, (max-width: 2362px) 100vw, 2362px\" \/><\/a>\n\t\t\t<\/div><\/figure><figure class='gallery-item'>\n\t\t\t<div class='gallery-icon landscape'>\n\t\t\t\t<a href='https:\/\/archive.sana.sy\/tr\/wp-content\/uploads\/2025\/07\/888-5.jpg'><img loading=\"lazy\" decoding=\"async\" width=\"2362\" height=\"1575\" src=\"https:\/\/archive.sana.sy\/tr\/wp-content\/uploads\/2025\/07\/888-5.jpg\" class=\"attachment-full size-full\" alt=\"\" srcset=\"https:\/\/archive.sana.sy\/tr\/wp-content\/uploads\/2025\/07\/888-5.jpg 2362w, https:\/\/archive.sana.sy\/tr\/wp-content\/uploads\/2025\/07\/888-5-300x200.jpg 300w, https:\/\/archive.sana.sy\/tr\/wp-content\/uploads\/2025\/07\/888-5-1024x683.jpg 1024w, https:\/\/archive.sana.sy\/tr\/wp-content\/uploads\/2025\/07\/888-5-768x512.jpg 768w, https:\/\/archive.sana.sy\/tr\/wp-content\/uploads\/2025\/07\/888-5-1536x1024.jpg 1536w, https:\/\/archive.sana.sy\/tr\/wp-content\/uploads\/2025\/07\/888-5-2048x1366.jpg 2048w\" sizes=\"auto, (max-width: 2362px) 100vw, 2362px\" \/><\/a>\n\t\t\t<\/div><\/figure>\n\t\t<\/div>\n\n","protected":false},"excerpt":{"rendered":"<p>\u015eAM (SANA) &#8211; Do\u011fal afetlerle m\u00fccadele kapsam\u0131nda b\u00f6lgesel i\u015f birli\u011fi \u00e7er\u00e7evesinde, \u00dcrd\u00fcn Sivil Savunma ekipleri bu sabah Suriye&#8217;nin Lazkiye iline do\u011fru yola \u00e7\u0131kt\u0131. Ekipler, ilin kuzey k\u0131rsal\u0131nda d\u00f6rt g\u00fcnd\u00fcr devam eden orman yang\u0131nlar\u0131n\u0131 s\u00f6nd\u00fcrme \u00e7al\u0131\u015fmalar\u0131na kat\u0131lmak \u00fczere b\u00f6lgeye sevk edildi. Acil Durum ve Afet Y\u00f6netimi Bakanl\u0131\u011f\u0131, \u00dcrd\u00fcn ekiplerinin Dera \u0130li&#8217;ndeki Nassib s\u0131n\u0131r kap\u0131s\u0131ndan Suriye topraklar\u0131na &hellip;<\/p>\n","protected":false},"author":39,"featured_media":324795,"comment_status":"closed","ping_status":"closed","sticky":false,"template":"","format":"standard","meta":{"footnotes":""},"categories":[589,479,17988,478],"tags":[],"class_list":["post-324793","post","type-post","status-publish","format-standard","has-post-thumbnail","","category-haber-seridi","category-haberler-yerel","category-son-haberler","category-yerel"],"_links":{"self":[{"href":"https:\/\/archive.sana.sy\/tr\/index.php?rest_route=\/wp\/v2\/posts\/324793","targetHints":{"allow":["GET"]}}],"collection":[{"href":"https:\/\/archive.sana.sy\/tr\/index.php?rest_route=\/wp\/v2\/posts"}],"about":[{"href":"https:\/\/archive.sana.sy\/tr\/index.php?rest_route=\/wp\/v2\/types\/post"}],"author":[{"embeddable":true,"href":"https:\/\/archive.sana.sy\/tr\/index.php?rest_route=\/wp\/v2\/users\/39"}],"replies":[{"embeddable":true,"href":"https:\/\/archive.sana.sy\/tr\/index.php?rest_route=%2Fwp%2Fv2%2Fcomments&post=324793"}],"version-history":[{"count":2,"href":"https:\/\/archive.sana.sy\/tr\/index.php?rest_route=\/wp\/v2\/posts\/324793\/revisions"}],"predecessor-version":[{"id":324843,"href":"https:\/\/archive.sana.sy\/tr\/index.php?rest_route=\/wp\/v2\/posts\/324793\/revisions\/324843"}],"wp:featuredmedia":[{"embeddable":true,"href":"https:\/\/archive.sana.sy\/tr\/index.php?rest_route=\/wp\/v2\/media\/324795"}],"wp:attachment":[{"href":"https:\/\/archive.sana.sy\/tr\/index.php?rest_route=%2Fwp%2Fv2%2Fmedia&parent=324793"}],"wp:term":[{"taxonomy":"category","embeddable":true,"href":"https:\/\/archive.sana.sy\/tr\/index.php?rest_route=%2Fwp%2Fv2%2Fcategories&post=324793"},{"taxonomy":"post_tag","embeddable":true,"href":"https:\/\/archive.sana.sy\/tr\/index.php?rest_route=%2Fwp%2Fv2%2Ftags&post=324793"}],"curies":[{"name":"wp","href":"https:\/\/api.w.org\/{rel}","templated":true}]}}