{"id":324818,"date":"2025-07-06T14:13:52","date_gmt":"2025-07-06T11:13:52","guid":{"rendered":"https:\/\/sana.sy\/tr\/?p=324818"},"modified":"2025-07-06T16:33:34","modified_gmt":"2025-07-06T13:33:34","slug":"lazkiyedeki-yanginlari-kontrol-altina-alma-cabalari-genisliyor-yeni-destek-ekipleri-pes-pese-bolgeye-ulasiyor","status":"publish","type":"post","link":"https:\/\/archive.sana.sy\/tr\/?p=324818","title":{"rendered":"Lazkiye\u2019deki Yang\u0131nlar\u0131 Kontrol Alt\u0131na Alma \u00c7abalar\u0131 Geni\u015fliyor\u2026 Yeni Destek Ekipleri Pe\u015f Pe\u015fe B\u00f6lgeye Ula\u015f\u0131yor"},"content":{"rendered":"<p style=\"text-align: justify;\"><strong><span style=\"color: #ff0000;\">LAZK\u0130YE (SANA)<\/span> &#8211; <\/strong>Suriye Acil Durumlar ve Afet Y\u00f6netimi Bakan\u0131 Raed El Salih, Lazkiye\u2019nin kuzey k\u0131rsal\u0131nda devam eden yang\u0131nlarla ilgili saha durumunda belirgin bir iyile\u015fme ya\u015fand\u0131\u011f\u0131n\u0131 duyurarak, \u00e7ok say\u0131da aktif oda\u011f\u0131n kontrol alt\u0131na al\u0131nd\u0131\u011f\u0131n\u0131 ve \u00e7e\u015fitli b\u00f6lgelerde so\u011futma \u00e7al\u0131\u015fmalar\u0131na ba\u015fland\u0131\u011f\u0131n\u0131 bildirdi.<\/p>\n<p style=\"text-align: justify;\">El Salih, bu sabah ger\u00e7ekle\u015ftirdi\u011fi saha turu s\u0131ras\u0131nda bas\u0131na yapt\u0131\u011f\u0131 a\u00e7\u0131klamada, \u00f6zellikle engebeli arazisi nedeniyle 45. Tepe\u2019de zorluklar\u0131n s\u00fcrd\u00fc\u011f\u00fcn\u00fc belirterek, bug\u00fcn b\u00f6lgeye ula\u015fan T\u00fcrk ve \u00dcrd\u00fcn hava unsurlar\u0131n\u0131n s\u00f6nd\u00fcrme \u00e7al\u0131\u015fmalar\u0131na hava deste\u011fi vermeye ba\u015flayaca\u011f\u0131n\u0131, karadan ise T\u00fcrk ekiplerinin kat\u0131l\u0131m\u0131n\u0131n s\u00fcrd\u00fc\u011f\u00fcn\u00fc ve aralar\u0131nda \u00dcrd\u00fcnl\u00fc kara ekibinin de bulundu\u011fu yeni destek ekiplerinin b\u00f6lgeye do\u011fru yola \u00e7\u0131kt\u0131\u011f\u0131n\u0131 ifade etti.<\/p>\n<p style=\"text-align: justify;\">Bakan El Salih ayr\u0131ca, t\u00fcm ilgili yerel kurulu\u015flar\u0131 i\u00e7eren ortak bir operasyon odas\u0131nda, 80 saha ekibi ve 160 \u00e7e\u015fitli ara\u00e7tan olu\u015fan kapsaml\u0131 bir s\u00f6nd\u00fcrme operasyonunun y\u00fcr\u00fct\u00fcld\u00fc\u011f\u00fcn\u00fc, yang\u0131nla m\u00fccadelenin en zorlu dalgalar\u0131ndan biriyle kar\u015f\u0131 kar\u015f\u0131ya olundu\u011funu, bu \u00e7er\u00e7evede \u00e7e\u015fitli bakanl\u0131klar ve sivil savunma i\u015f birli\u011fiyle onlarca a\u011f\u0131r i\u015f makinesinin kiraland\u0131\u011f\u0131n\u0131, ekiplerin adeta bir ar\u0131 kovan\u0131 gibi \u00e7al\u0131\u015ft\u0131\u011f\u0131n\u0131 vurgulad\u0131.<\/p>\n<p style=\"text-align: justify;\">El Salih, sivil savunmadaki t\u00fcm itfaiye ekiplerinin de\u011fi\u015ftirildi\u011fini, \u00e7e\u015fitli illerden yeni ekiplerin getirilerek Lazkiye k\u0131rsal\u0131ndaki Me\u015fkita b\u00f6lgesi ile Tartus k\u0131rsal\u0131ndaki Dreki\u015f ve Kadmus b\u00f6lgelerine, ayr\u0131ca Halep ve Hama\u2019ya da\u011f\u0131t\u0131ld\u0131\u011f\u0131n\u0131, bu durumun sahada g\u00f6rev yapan personel \u00fczerinde ek bir bask\u0131 olu\u015fturdu\u011funu da kaydetti.<\/p>\n","protected":false},"excerpt":{"rendered":"<p>LAZK\u0130YE (SANA) &#8211; Suriye Acil Durumlar ve Afet Y\u00f6netimi Bakan\u0131 Raed El Salih, Lazkiye\u2019nin kuzey k\u0131rsal\u0131nda devam eden yang\u0131nlarla ilgili saha durumunda belirgin bir iyile\u015fme ya\u015fand\u0131\u011f\u0131n\u0131 duyurarak, \u00e7ok say\u0131da aktif oda\u011f\u0131n kontrol alt\u0131na al\u0131nd\u0131\u011f\u0131n\u0131 ve \u00e7e\u015fitli b\u00f6lgelerde so\u011futma \u00e7al\u0131\u015fmalar\u0131na ba\u015fland\u0131\u011f\u0131n\u0131 bildirdi. El Salih, bu sabah ger\u00e7ekle\u015ftirdi\u011fi saha turu s\u0131ras\u0131nda bas\u0131na yapt\u0131\u011f\u0131 a\u00e7\u0131klamada, \u00f6zellikle engebeli arazisi &hellip;<\/p>\n","protected":false},"author":39,"featured_media":324819,"comment_status":"closed","ping_status":"closed","sticky":false,"template":"","format":"standard","meta":{"footnotes":""},"categories":[479,478],"tags":[],"class_list":["post-324818","post","type-post","status-publish","format-standard","has-post-thumbnail","","category-haberler-yerel","category-yerel"],"_links":{"self":[{"href":"https:\/\/archive.sana.sy\/tr\/index.php?rest_route=\/wp\/v2\/posts\/324818","targetHints":{"allow":["GET"]}}],"collection":[{"href":"https:\/\/archive.sana.sy\/tr\/index.php?rest_route=\/wp\/v2\/posts"}],"about":[{"href":"https:\/\/archive.sana.sy\/tr\/index.php?rest_route=\/wp\/v2\/types\/post"}],"author":[{"embeddable":true,"href":"https:\/\/archive.sana.sy\/tr\/index.php?rest_route=\/wp\/v2\/users\/39"}],"replies":[{"embeddable":true,"href":"https:\/\/archive.sana.sy\/tr\/index.php?rest_route=%2Fwp%2Fv2%2Fcomments&post=324818"}],"version-history":[{"count":3,"href":"https:\/\/archive.sana.sy\/tr\/index.php?rest_route=\/wp\/v2\/posts\/324818\/revisions"}],"predecessor-version":[{"id":324833,"href":"https:\/\/archive.sana.sy\/tr\/index.php?rest_route=\/wp\/v2\/posts\/324818\/revisions\/324833"}],"wp:featuredmedia":[{"embeddable":true,"href":"https:\/\/archive.sana.sy\/tr\/index.php?rest_route=\/wp\/v2\/media\/324819"}],"wp:attachment":[{"href":"https:\/\/archive.sana.sy\/tr\/index.php?rest_route=%2Fwp%2Fv2%2Fmedia&parent=324818"}],"wp:term":[{"taxonomy":"category","embeddable":true,"href":"https:\/\/archive.sana.sy\/tr\/index.php?rest_route=%2Fwp%2Fv2%2Fcategories&post=324818"},{"taxonomy":"post_tag","embeddable":true,"href":"https:\/\/archive.sana.sy\/tr\/index.php?rest_route=%2Fwp%2Fv2%2Ftags&post=324818"}],"curies":[{"name":"wp","href":"https:\/\/api.w.org\/{rel}","templated":true}]}}