{"id":324823,"date":"2025-07-06T14:27:06","date_gmt":"2025-07-06T11:27:06","guid":{"rendered":"https:\/\/sana.sy\/tr\/?p=324823"},"modified":"2025-07-07T09:52:07","modified_gmt":"2025-07-07T06:52:07","slug":"disisleri-bakani-suriyedeki-umman-sultanligi-buyukelcisi-ile-iki-ulke-arasindaki-iliskilerin-guclendirilmesi-yollarini-gorustu","status":"publish","type":"post","link":"https:\/\/archive.sana.sy\/tr\/?p=324823","title":{"rendered":"D\u0131\u015fi\u015fleri Bakan\u0131, Suriye&#8217;deki Umman Sultanl\u0131\u011f\u0131 B\u00fcy\u00fckel\u00e7isi \u0130le \u0130ki \u00dclke Aras\u0131ndaki \u0130li\u015fkilerin G\u00fc\u00e7lendirilmesi Yollar\u0131n\u0131 G\u00f6r\u00fc\u015ft\u00fc"},"content":{"rendered":"<p style=\"text-align: justify;\"><span style=\"color: #ff0000;\"><strong>\u015eAM (SANA) &#8211; <\/strong><\/span>D\u0131\u015fi\u015fleri ve Gurbet\u00e7iler Bakan\u0131 Asaad El \u015eeybani bug\u00fcn \u015eam&#8217;da Umman Sultanl\u0131\u011f\u0131&#8217;n\u0131n Suriye Arap Cumhuriyeti B\u00fcy\u00fckel\u00e7isi Turki bin Mahmmud El Busaidi ile bir araya geldi.<\/p>\n<p style=\"text-align: justify;\">G\u00f6r\u00fc\u015fmede iki \u00fclke aras\u0131ndaki ili\u015fkiler ve iki karde\u015f halk\u0131n \u00e7\u0131karlar\u0131na hizmet edecek \u015fekilde bu ili\u015fkileri g\u00fc\u00e7lendirmenin yollar\u0131 ele al\u0131nd\u0131.<\/p>\n<div id='gallery-1' class='gallery galleryid-324823 gallery-columns-1 gallery-size-full'><figure class='gallery-item'>\n\t\t\t<div class='gallery-icon landscape'>\n\t\t\t\t<a href='https:\/\/archive.sana.sy\/tr\/wp-content\/uploads\/2025\/07\/photo_2025-07-06_14-16-22.jpg'><img loading=\"lazy\" decoding=\"async\" width=\"1280\" height=\"719\" src=\"https:\/\/archive.sana.sy\/tr\/wp-content\/uploads\/2025\/07\/photo_2025-07-06_14-16-22.jpg\" class=\"attachment-full size-full\" alt=\"\" srcset=\"https:\/\/archive.sana.sy\/tr\/wp-content\/uploads\/2025\/07\/photo_2025-07-06_14-16-22.jpg 1280w, https:\/\/archive.sana.sy\/tr\/wp-content\/uploads\/2025\/07\/photo_2025-07-06_14-16-22-300x169.jpg 300w, https:\/\/archive.sana.sy\/tr\/wp-content\/uploads\/2025\/07\/photo_2025-07-06_14-16-22-1024x575.jpg 1024w, https:\/\/archive.sana.sy\/tr\/wp-content\/uploads\/2025\/07\/photo_2025-07-06_14-16-22-768x431.jpg 768w\" sizes=\"auto, (max-width: 1280px) 100vw, 1280px\" \/><\/a>\n\t\t\t<\/div><\/figure>\n\t\t<\/div>\n\n","protected":false},"excerpt":{"rendered":"<p>\u015eAM (SANA) &#8211; D\u0131\u015fi\u015fleri ve Gurbet\u00e7iler Bakan\u0131 Asaad El \u015eeybani bug\u00fcn \u015eam&#8217;da Umman Sultanl\u0131\u011f\u0131&#8217;n\u0131n Suriye Arap Cumhuriyeti B\u00fcy\u00fckel\u00e7isi Turki bin Mahmmud El Busaidi ile bir araya geldi. G\u00f6r\u00fc\u015fmede iki \u00fclke aras\u0131ndaki ili\u015fkiler ve iki karde\u015f halk\u0131n \u00e7\u0131karlar\u0131na hizmet edecek \u015fekilde bu ili\u015fkileri g\u00fc\u00e7lendirmenin yollar\u0131 ele al\u0131nd\u0131.<\/p>\n","protected":false},"author":39,"featured_media":324824,"comment_status":"closed","ping_status":"closed","sticky":false,"template":"","format":"standard","meta":{"footnotes":""},"categories":[479,17988,478],"tags":[],"class_list":["post-324823","post","type-post","status-publish","format-standard","has-post-thumbnail","","category-haberler-yerel","category-son-haberler","category-yerel"],"_links":{"self":[{"href":"https:\/\/archive.sana.sy\/tr\/index.php?rest_route=\/wp\/v2\/posts\/324823","targetHints":{"allow":["GET"]}}],"collection":[{"href":"https:\/\/archive.sana.sy\/tr\/index.php?rest_route=\/wp\/v2\/posts"}],"about":[{"href":"https:\/\/archive.sana.sy\/tr\/index.php?rest_route=\/wp\/v2\/types\/post"}],"author":[{"embeddable":true,"href":"https:\/\/archive.sana.sy\/tr\/index.php?rest_route=\/wp\/v2\/users\/39"}],"replies":[{"embeddable":true,"href":"https:\/\/archive.sana.sy\/tr\/index.php?rest_route=%2Fwp%2Fv2%2Fcomments&post=324823"}],"version-history":[{"count":2,"href":"https:\/\/archive.sana.sy\/tr\/index.php?rest_route=\/wp\/v2\/posts\/324823\/revisions"}],"predecessor-version":[{"id":324830,"href":"https:\/\/archive.sana.sy\/tr\/index.php?rest_route=\/wp\/v2\/posts\/324823\/revisions\/324830"}],"wp:featuredmedia":[{"embeddable":true,"href":"https:\/\/archive.sana.sy\/tr\/index.php?rest_route=\/wp\/v2\/media\/324824"}],"wp:attachment":[{"href":"https:\/\/archive.sana.sy\/tr\/index.php?rest_route=%2Fwp%2Fv2%2Fmedia&parent=324823"}],"wp:term":[{"taxonomy":"category","embeddable":true,"href":"https:\/\/archive.sana.sy\/tr\/index.php?rest_route=%2Fwp%2Fv2%2Fcategories&post=324823"},{"taxonomy":"post_tag","embeddable":true,"href":"https:\/\/archive.sana.sy\/tr\/index.php?rest_route=%2Fwp%2Fv2%2Ftags&post=324823"}],"curies":[{"name":"wp","href":"https:\/\/api.w.org\/{rel}","templated":true}]}}