{"id":324827,"date":"2025-07-06T14:40:43","date_gmt":"2025-07-06T11:40:43","guid":{"rendered":"https:\/\/sana.sy\/tr\/?p=324827"},"modified":"2025-07-06T14:40:43","modified_gmt":"2025-07-06T11:40:43","slug":"urdun-sivil-savunma-ekiplerinin-suriye-topraklarina-girisinden-alinan-sahneleri","status":"publish","type":"post","link":"https:\/\/archive.sana.sy\/tr\/?p=324827","title":{"rendered":"\u00dcrd\u00fcn sivil savunma ekiplerinin Suriye topraklar\u0131na giri\u015finden Al\u0131nan Sahneleri"},"content":{"rendered":"<p>\u00dcrd\u00fcn sivil savunma ekiplerinin Suriye topraklar\u0131na giri\u015finden Al\u0131nan Sahneleri<\/p>\n<p style=\"text-align: center;\"><iframe loading=\"lazy\" title=\"\u0645\u0634\u0627\u0647\u062f \u0644\u062f\u062e\u0648\u0644 \u0641\u0631\u0642 \u0627\u0644\u062f\u0641\u0627\u0639 \u0627\u0644\u0645\u062f\u0646\u064a \u0627\u0644\u0623\u0631\u062f\u0646\u064a\u0629 \u0625\u0644\u0649 \u0627\u0644\u0623\u0631\u0627\u0636\u064a \u0627\u0644\u0633\u0648\u0631\u064a\u0629 \u0644\u0644\u0645\u0634\u0627\u0631\u0643\u0629 \u0641\u064a \u0625\u062e\u0645\u0627\u062f \u0627\u0644\u062d\u0631\u0627\u0626\u0642 \u0628\u0631\u064a\u0641 \u0627\u0644\u0644\u0627\u0630\u0642\u064a\u0629\" src=\"https:\/\/www.youtube.com\/embed\/hthuEaqJGk4\" width=\"620\" height=\"348\" frameborder=\"0\" allowfullscreen=\"allowfullscreen\"><\/iframe><\/p>\n","protected":false},"excerpt":{"rendered":"<p>\u00dcrd\u00fcn sivil savunma ekiplerinin Suriye topraklar\u0131na giri\u015finden Al\u0131nan Sahneleri<\/p>\n","protected":false},"author":39,"featured_media":324828,"comment_status":"closed","ping_status":"closed","sticky":false,"template":"","format":"standard","meta":{"footnotes":""},"categories":[18295],"tags":[],"class_list":["post-324827","post","type-post","status-publish","format-standard","has-post-thumbnail","","category-sana-video"],"_links":{"self":[{"href":"https:\/\/archive.sana.sy\/tr\/index.php?rest_route=\/wp\/v2\/posts\/324827","targetHints":{"allow":["GET"]}}],"collection":[{"href":"https:\/\/archive.sana.sy\/tr\/index.php?rest_route=\/wp\/v2\/posts"}],"about":[{"href":"https:\/\/archive.sana.sy\/tr\/index.php?rest_route=\/wp\/v2\/types\/post"}],"author":[{"embeddable":true,"href":"https:\/\/archive.sana.sy\/tr\/index.php?rest_route=\/wp\/v2\/users\/39"}],"replies":[{"embeddable":true,"href":"https:\/\/archive.sana.sy\/tr\/index.php?rest_route=%2Fwp%2Fv2%2Fcomments&post=324827"}],"version-history":[{"count":1,"href":"https:\/\/archive.sana.sy\/tr\/index.php?rest_route=\/wp\/v2\/posts\/324827\/revisions"}],"predecessor-version":[{"id":324829,"href":"https:\/\/archive.sana.sy\/tr\/index.php?rest_route=\/wp\/v2\/posts\/324827\/revisions\/324829"}],"wp:featuredmedia":[{"embeddable":true,"href":"https:\/\/archive.sana.sy\/tr\/index.php?rest_route=\/wp\/v2\/media\/324828"}],"wp:attachment":[{"href":"https:\/\/archive.sana.sy\/tr\/index.php?rest_route=%2Fwp%2Fv2%2Fmedia&parent=324827"}],"wp:term":[{"taxonomy":"category","embeddable":true,"href":"https:\/\/archive.sana.sy\/tr\/index.php?rest_route=%2Fwp%2Fv2%2Fcategories&post=324827"},{"taxonomy":"post_tag","embeddable":true,"href":"https:\/\/archive.sana.sy\/tr\/index.php?rest_route=%2Fwp%2Fv2%2Ftags&post=324827"}],"curies":[{"name":"wp","href":"https:\/\/api.w.org\/{rel}","templated":true}]}}