{"id":324857,"date":"2025-07-06T19:18:17","date_gmt":"2025-07-06T16:18:17","guid":{"rendered":"https:\/\/sana.sy\/tr\/?p=324857"},"modified":"2025-07-06T19:18:45","modified_gmt":"2025-07-06T16:18:45","slug":"enformasyon-bakani-suriyenin-gorsel-kimliginin-ilk-mesaji-yeni-bir-baslangic-ve-yeni-bir-suriye-oldugudur","status":"publish","type":"post","link":"https:\/\/archive.sana.sy\/tr\/?p=324857","title":{"rendered":"Enformasyon Bakan\u0131: Suriye\u2019nin G\u00f6rsel Kimli\u011finin \u0130lk Mesaj\u0131, Yeni Bir Ba\u015flang\u0131\u00e7 Ve Yeni Bir Suriye Oldu\u011fudur"},"content":{"rendered":"<p style=\"text-align: justify;\"><strong><span style=\"color: #ff0000;\">\u015eAM (SANA)<\/span> <\/strong>&#8211; <span style=\"color: #000000;\"><strong>Enformasyon Bakan\u0131 Dr. Hamza El Mustafa, Suriye Haber Kanal\u0131&#8217;na verdi\u011fi r\u00f6portajda \u015funlar\u0131 kaydetti:<\/strong><\/span><\/p>\n<ul>\n<li style=\"text-align: justify;\">Suriye Arap Cumhuriyeti&#8217;nin g\u00f6rsel kimli\u011finin ilk mesaj\u0131, yeni bir ba\u015flang\u0131\u00e7, t\u00fcm Suriyelilere benzemeye \u00e7al\u0131\u015fan yeni bir Suriye oldu\u011fudur.<\/li>\n<li style=\"text-align: justify;\">Yeni g\u00f6rsel kimli\u011fe, Suriye halk\u0131n\u0131n oy birli\u011fiyle kabul etti\u011fi sembolleri dahil ettik ve devletin halk\u0131n koruyucusu oldu\u011fu ve m\u00fcdahale eden bir devlet olmad\u0131\u011f\u0131 mesaj\u0131n\u0131 iletmek istedik.<\/li>\n<li style=\"text-align: justify;\">Suriye&#8217;yi medya end\u00fcstrisi i\u00e7in bir merkez haline getirmeyi ve bunun i\u00e7in gerekli altyap\u0131y\u0131 olu\u015fturmay\u0131 ama\u00e7l\u0131yoruz. Uluslararas\u0131 medya kurulu\u015flar\u0131n\u0131 Suriye&#8217;de ofis a\u00e7maya te\u015fvik ediyoruz.<\/li>\n<li style=\"text-align: justify;\">\u015eam Kap\u0131s\u0131, bir turizm merkezi olmas\u0131n\u0131n yan\u0131 s\u0131ra drama ve medya prod\u00fcksiyonu i\u00e7in bir \u015fehirdir. Bu proje, Suriyeli yeteneklerin yurtd\u0131\u015f\u0131na \u00e7ekilmesine katk\u0131da bulunacakt\u0131r.<\/li>\n<\/ul>\n","protected":false},"excerpt":{"rendered":"<p>\u015eAM (SANA) &#8211; Enformasyon Bakan\u0131 Dr. Hamza El Mustafa, Suriye Haber Kanal\u0131&#8217;na verdi\u011fi r\u00f6portajda \u015funlar\u0131 kaydetti: Suriye Arap Cumhuriyeti&#8217;nin g\u00f6rsel kimli\u011finin ilk mesaj\u0131, yeni bir ba\u015flang\u0131\u00e7, t\u00fcm Suriyelilere benzemeye \u00e7al\u0131\u015fan yeni bir Suriye oldu\u011fudur. Yeni g\u00f6rsel kimli\u011fe, Suriye halk\u0131n\u0131n oy birli\u011fiyle kabul etti\u011fi sembolleri dahil ettik ve devletin halk\u0131n koruyucusu oldu\u011fu ve m\u00fcdahale eden bir &hellip;<\/p>\n","protected":false},"author":41,"featured_media":324859,"comment_status":"closed","ping_status":"closed","sticky":false,"template":"","format":"standard","meta":{"footnotes":""},"categories":[589,479,17988,478,1],"tags":[],"class_list":["post-324857","post","type-post","status-publish","format-standard","has-post-thumbnail","","category-haber-seridi","category-haberler-yerel","category-son-haberler","category-yerel","category-news-not-sorted"],"_links":{"self":[{"href":"https:\/\/archive.sana.sy\/tr\/index.php?rest_route=\/wp\/v2\/posts\/324857","targetHints":{"allow":["GET"]}}],"collection":[{"href":"https:\/\/archive.sana.sy\/tr\/index.php?rest_route=\/wp\/v2\/posts"}],"about":[{"href":"https:\/\/archive.sana.sy\/tr\/index.php?rest_route=\/wp\/v2\/types\/post"}],"author":[{"embeddable":true,"href":"https:\/\/archive.sana.sy\/tr\/index.php?rest_route=\/wp\/v2\/users\/41"}],"replies":[{"embeddable":true,"href":"https:\/\/archive.sana.sy\/tr\/index.php?rest_route=%2Fwp%2Fv2%2Fcomments&post=324857"}],"version-history":[{"count":1,"href":"https:\/\/archive.sana.sy\/tr\/index.php?rest_route=\/wp\/v2\/posts\/324857\/revisions"}],"predecessor-version":[{"id":324858,"href":"https:\/\/archive.sana.sy\/tr\/index.php?rest_route=\/wp\/v2\/posts\/324857\/revisions\/324858"}],"wp:featuredmedia":[{"embeddable":true,"href":"https:\/\/archive.sana.sy\/tr\/index.php?rest_route=\/wp\/v2\/media\/324859"}],"wp:attachment":[{"href":"https:\/\/archive.sana.sy\/tr\/index.php?rest_route=%2Fwp%2Fv2%2Fmedia&parent=324857"}],"wp:term":[{"taxonomy":"category","embeddable":true,"href":"https:\/\/archive.sana.sy\/tr\/index.php?rest_route=%2Fwp%2Fv2%2Fcategories&post=324857"},{"taxonomy":"post_tag","embeddable":true,"href":"https:\/\/archive.sana.sy\/tr\/index.php?rest_route=%2Fwp%2Fv2%2Ftags&post=324857"}],"curies":[{"name":"wp","href":"https:\/\/api.w.org\/{rel}","templated":true}]}}