{"id":324864,"date":"2025-07-06T20:32:22","date_gmt":"2025-07-06T17:32:22","guid":{"rendered":"https:\/\/sana.sy\/tr\/?p=324864"},"modified":"2025-07-06T20:32:22","modified_gmt":"2025-07-06T17:32:22","slug":"suriye-ve-ispanya-bilimsel-is-birligini-guclendirme-ve-deneyim-paylasimini-gorustu","status":"publish","type":"post","link":"https:\/\/archive.sana.sy\/tr\/?p=324864","title":{"rendered":"Suriye ve \u0130spanya, Bilimsel \u0130\u015f Birli\u011fini G\u00fc\u00e7lendirme ve Deneyim Payla\u015f\u0131m\u0131n\u0131 G\u00f6r\u00fc\u015ft\u00fc"},"content":{"rendered":"<p style=\"text-align: justify;\"><span style=\"color: #ff0000;\"><strong>\u015eAM (SANA) &#8211; <\/strong><\/span>Suriye Y\u00fcksek\u00f6\u011fretim ve Bilimsel Ara\u015ft\u0131rmalar Bakan\u0131 Mervan Halabi, \u0130spanya Krall\u0131\u011f\u0131 \u00d6zel Temsilcisi Antonio Gonz\u00e1lez Sabala ile yapt\u0131\u011f\u0131 g\u00f6r\u00fc\u015fmede, iki \u00fclkenin \u00fcniversiteleri ve e\u011fitim kurumlar\u0131 aras\u0131nda bilimsel alandaki i\u015f birli\u011fi ili\u015fkilerini ve akademik deneyimlerin payla\u015f\u0131m\u0131n\u0131 ele ald\u0131 ve burs olanaklar\u0131n\u0131 de\u011ferlendirdi.<\/p>\n<p style=\"text-align: justify;\">Bug\u00fcn \u015eam\u2019daki Bakanl\u0131k binas\u0131nda ger\u00e7ekle\u015ftirilen g\u00f6r\u00fc\u015fmede, taraflar aras\u0131nda daha \u00f6nce imzalanm\u0131\u015f anla\u015fmalar\u0131n yeniden etkinle\u015ftirilmesi ve geli\u015ftirilmesi, akademik ve bilimsel ba\u011flar\u0131n g\u00fc\u00e7lendirilmesi, imzalanan mutabakat zapt\u0131n\u0131n uygulanmas\u0131n\u0131 takip edecek bir komisyonun kurulmas\u0131 ve y\u00fcksek\u00f6\u011fretim ile bilimsel ara\u015ft\u0131rmalar alan\u0131ndaki ihtiya\u00e7lar\u0131n belirlenmesi konular\u0131 masaya yat\u0131r\u0131ld\u0131.<\/p>\n<p style=\"text-align: justify;\">Bakan Halabi, iki \u00fclke aras\u0131ndaki k\u00f6kl\u00fc ve yenilenen ili\u015fkilere ve benzer tarihsel ge\u00e7mi\u015fe dikkat \u00e7ekerek, bakanl\u0131\u011f\u0131n \u00f6n\u00fcm\u00fczdeki d\u00f6nemde \u00f6zellikle \u0130spanya&#8217;n\u0131n uzmanl\u0131k alanlar\u0131nda i\u015f birli\u011fine haz\u0131r oldu\u011funu ifade etti. Ayr\u0131ca, bilimsel ara\u015ft\u0131rmalar, deneyim payla\u015f\u0131m\u0131, konferanslar d\u00fczenlenmesi ve Suriyeli \u00fcniversitelerin s\u0131ralamas\u0131n\u0131n y\u00fckseltilmesi konular\u0131nda ortak \u00e7al\u0131\u015fmalar\u0131n \u00f6nemine de\u011findi.<\/p>\n<p style=\"text-align: justify;\">\u00d6te yandan, Antonio Gonz\u00e1lez Sabala, \u00fclkesinin Suriye ile bilimsel ileti\u015fim ve i\u015f birli\u011fi kanallar\u0131n\u0131 a\u00e7maya b\u00fcy\u00fck \u00f6nem verdi\u011fini belirtti. Taraflar aras\u0131ndaki anla\u015fmalar\u0131n etkinle\u015ftirilmesi, kar\u015f\u0131l\u0131kl\u0131 ziyaretlerin ger\u00e7ekle\u015ftirilmesi ve heyetlerin de\u011fi\u015fimi konular\u0131nda \u0130spanya\u2019n\u0131n t\u00fcm alanlarda i\u015f birli\u011fine haz\u0131r oldu\u011funu ve temas ile koordinasyonun s\u00fcrd\u00fcr\u00fclece\u011fini vurgulad\u0131.<\/p>\n","protected":false},"excerpt":{"rendered":"<p>\u015eAM (SANA) &#8211; Suriye Y\u00fcksek\u00f6\u011fretim ve Bilimsel Ara\u015ft\u0131rmalar Bakan\u0131 Mervan Halabi, \u0130spanya Krall\u0131\u011f\u0131 \u00d6zel Temsilcisi Antonio Gonz\u00e1lez Sabala ile yapt\u0131\u011f\u0131 g\u00f6r\u00fc\u015fmede, iki \u00fclkenin \u00fcniversiteleri ve e\u011fitim kurumlar\u0131 aras\u0131nda bilimsel alandaki i\u015f birli\u011fi ili\u015fkilerini ve akademik deneyimlerin payla\u015f\u0131m\u0131n\u0131 ele ald\u0131 ve burs olanaklar\u0131n\u0131 de\u011ferlendirdi. Bug\u00fcn \u015eam\u2019daki Bakanl\u0131k binas\u0131nda ger\u00e7ekle\u015ftirilen g\u00f6r\u00fc\u015fmede, taraflar aras\u0131nda daha \u00f6nce imzalanm\u0131\u015f anla\u015fmalar\u0131n &hellip;<\/p>\n","protected":false},"author":41,"featured_media":324865,"comment_status":"closed","ping_status":"closed","sticky":false,"template":"","format":"standard","meta":{"footnotes":""},"categories":[589,17988],"tags":[],"class_list":["post-324864","post","type-post","status-publish","format-standard","has-post-thumbnail","","category-haber-seridi","category-son-haberler"],"_links":{"self":[{"href":"https:\/\/archive.sana.sy\/tr\/index.php?rest_route=\/wp\/v2\/posts\/324864","targetHints":{"allow":["GET"]}}],"collection":[{"href":"https:\/\/archive.sana.sy\/tr\/index.php?rest_route=\/wp\/v2\/posts"}],"about":[{"href":"https:\/\/archive.sana.sy\/tr\/index.php?rest_route=\/wp\/v2\/types\/post"}],"author":[{"embeddable":true,"href":"https:\/\/archive.sana.sy\/tr\/index.php?rest_route=\/wp\/v2\/users\/41"}],"replies":[{"embeddable":true,"href":"https:\/\/archive.sana.sy\/tr\/index.php?rest_route=%2Fwp%2Fv2%2Fcomments&post=324864"}],"version-history":[{"count":1,"href":"https:\/\/archive.sana.sy\/tr\/index.php?rest_route=\/wp\/v2\/posts\/324864\/revisions"}],"predecessor-version":[{"id":324866,"href":"https:\/\/archive.sana.sy\/tr\/index.php?rest_route=\/wp\/v2\/posts\/324864\/revisions\/324866"}],"wp:featuredmedia":[{"embeddable":true,"href":"https:\/\/archive.sana.sy\/tr\/index.php?rest_route=\/wp\/v2\/media\/324865"}],"wp:attachment":[{"href":"https:\/\/archive.sana.sy\/tr\/index.php?rest_route=%2Fwp%2Fv2%2Fmedia&parent=324864"}],"wp:term":[{"taxonomy":"category","embeddable":true,"href":"https:\/\/archive.sana.sy\/tr\/index.php?rest_route=%2Fwp%2Fv2%2Fcategories&post=324864"},{"taxonomy":"post_tag","embeddable":true,"href":"https:\/\/archive.sana.sy\/tr\/index.php?rest_route=%2Fwp%2Fv2%2Ftags&post=324864"}],"curies":[{"name":"wp","href":"https:\/\/api.w.org\/{rel}","templated":true}]}}