{"id":324868,"date":"2025-07-07T09:46:48","date_gmt":"2025-07-07T06:46:48","guid":{"rendered":"https:\/\/sana.sy\/tr\/?p=324868"},"modified":"2025-07-07T09:46:48","modified_gmt":"2025-07-07T06:46:48","slug":"birlesmis-milletler-suriye-hukumetine-ve-lazkiye-yanginlarindan-etkilenenlere-destek-seferber-etmeye-hazir-oldugunu-dile-getirdi","status":"publish","type":"post","link":"https:\/\/archive.sana.sy\/tr\/?p=324868","title":{"rendered":"Birle\u015fmi\u015f Milletler, Suriye H\u00fck\u00fcmetine Ve Lazkiye Yang\u0131nlar\u0131ndan Etkilenenlere Destek Seferber Etmeye Haz\u0131r Oldu\u011funu Dile Getirdi"},"content":{"rendered":"<p style=\"text-align: justify;\"><strong>NEW YORK (SANA) &#8211;<\/strong> Birle\u015fmi\u015f Milletler Suriye \u0130nsani Yard\u0131m Koordinat\u00f6r\u00fc Adam Abdulmevle, Birle\u015fmi\u015f Milletler&#8217;in, Lazkiye k\u0131rsal\u0131nda \u00e7\u0131kan yang\u0131nlardan etkilenen Suriye h\u00fck\u00fcmetine ve topluluklara h\u0131zl\u0131 bir \u015fekilde destek sa\u011flamaya haz\u0131r oldu\u011funu ifade etti.<\/p>\n<p style=\"text-align: justify;\">BM Haber Merkezi&#8217;nin aktard\u0131\u011f\u0131na g\u00f6re, Abdulmevle, Birle\u015fmi\u015f Milletler&#8217;in sahadaki ekiplerinin felaketin boyutunu belirlemek ve acil insani ihtiya\u00e7lar\u0131 tespit etmek i\u00e7in acil de\u011ferlendirmeler y\u00fcr\u00fctt\u00fc\u011f\u00fcn\u00fc ifade ederek, BM&#8217;nin yetkililer ve ortaklarla koordinasyon halinde, durumu daha ayr\u0131nt\u0131l\u0131 de\u011ferlendirmek ve acil ve uzun vadeli deste\u011fi ara\u015ft\u0131rmak amac\u0131yla Lazkiye&#8217;ye ortak bir misyon g\u00f6ndermeye haz\u0131r oldu\u011funu belirtti.<\/p>\n<p style=\"text-align: justify;\">Abdulmevle \u015funlar\u0131 ekledi: &#8220;Bu zor zamanlarda, kalbimiz ve d\u00fc\u015f\u00fcncelerimiz Lazkiye halk\u0131yla birlikte. yerel y\u00f6netimleri destekleme ve etkilenen t\u00fcm topluluklara zaman\u0131nda, ilk yard\u0131m\u0131 sa\u011flama taahh\u00fcd\u00fcm\u00fczde kararl\u0131 kal\u0131yoruz ve acil ihtiya\u00e7lar\u0131n h\u0131zl\u0131 ve etkili bir \u015fekilde kar\u015f\u0131lanmas\u0131n\u0131 sa\u011fl\u0131yoruz.&#8221;<\/p>\n<p style=\"text-align: justify;\">BM Koordinat\u00f6r\u00fc, itfaiyecilerin ve ilk m\u00fcdahale ekiplerinin son derece zor ko\u015fullarda hayatlar\u0131n\u0131 riske atarak g\u00f6sterdikleri ola\u011fan\u00fcst\u00fc cesaret ve \u00f6zveriyi ve yang\u0131nlar\u0131n kontrol alt\u0131na al\u0131nmas\u0131 i\u00e7in kom\u015fu \u00fclkelerin sa\u011flad\u0131\u011f\u0131 h\u0131zl\u0131 deste\u011fi takdir etti.<\/p>\n","protected":false},"excerpt":{"rendered":"<p>NEW YORK (SANA) &#8211; Birle\u015fmi\u015f Milletler Suriye \u0130nsani Yard\u0131m Koordinat\u00f6r\u00fc Adam Abdulmevle, Birle\u015fmi\u015f Milletler&#8217;in, Lazkiye k\u0131rsal\u0131nda \u00e7\u0131kan yang\u0131nlardan etkilenen Suriye h\u00fck\u00fcmetine ve topluluklara h\u0131zl\u0131 bir \u015fekilde destek sa\u011flamaya haz\u0131r oldu\u011funu ifade etti. BM Haber Merkezi&#8217;nin aktard\u0131\u011f\u0131na g\u00f6re, Abdulmevle, Birle\u015fmi\u015f Milletler&#8217;in sahadaki ekiplerinin felaketin boyutunu belirlemek ve acil insani ihtiya\u00e7lar\u0131 tespit etmek i\u00e7in acil de\u011ferlendirmeler y\u00fcr\u00fctt\u00fc\u011f\u00fcn\u00fc &hellip;<\/p>\n","protected":false},"author":39,"featured_media":324869,"comment_status":"closed","ping_status":"closed","sticky":false,"template":"","format":"standard","meta":{"footnotes":""},"categories":[458,589,459,17988],"tags":[],"class_list":["post-324868","post","type-post","status-publish","format-standard","has-post-thumbnail","","category-dunya1","category-haber-seridi","category-haberler-arap-uluslararasi-politika","category-son-haberler"],"_links":{"self":[{"href":"https:\/\/archive.sana.sy\/tr\/index.php?rest_route=\/wp\/v2\/posts\/324868","targetHints":{"allow":["GET"]}}],"collection":[{"href":"https:\/\/archive.sana.sy\/tr\/index.php?rest_route=\/wp\/v2\/posts"}],"about":[{"href":"https:\/\/archive.sana.sy\/tr\/index.php?rest_route=\/wp\/v2\/types\/post"}],"author":[{"embeddable":true,"href":"https:\/\/archive.sana.sy\/tr\/index.php?rest_route=\/wp\/v2\/users\/39"}],"replies":[{"embeddable":true,"href":"https:\/\/archive.sana.sy\/tr\/index.php?rest_route=%2Fwp%2Fv2%2Fcomments&post=324868"}],"version-history":[{"count":1,"href":"https:\/\/archive.sana.sy\/tr\/index.php?rest_route=\/wp\/v2\/posts\/324868\/revisions"}],"predecessor-version":[{"id":324870,"href":"https:\/\/archive.sana.sy\/tr\/index.php?rest_route=\/wp\/v2\/posts\/324868\/revisions\/324870"}],"wp:featuredmedia":[{"embeddable":true,"href":"https:\/\/archive.sana.sy\/tr\/index.php?rest_route=\/wp\/v2\/media\/324869"}],"wp:attachment":[{"href":"https:\/\/archive.sana.sy\/tr\/index.php?rest_route=%2Fwp%2Fv2%2Fmedia&parent=324868"}],"wp:term":[{"taxonomy":"category","embeddable":true,"href":"https:\/\/archive.sana.sy\/tr\/index.php?rest_route=%2Fwp%2Fv2%2Fcategories&post=324868"},{"taxonomy":"post_tag","embeddable":true,"href":"https:\/\/archive.sana.sy\/tr\/index.php?rest_route=%2Fwp%2Fv2%2Ftags&post=324868"}],"curies":[{"name":"wp","href":"https:\/\/api.w.org\/{rel}","templated":true}]}}