{"id":324871,"date":"2025-07-07T10:47:52","date_gmt":"2025-07-07T07:47:52","guid":{"rendered":"https:\/\/sana.sy\/tr\/?p=324871"},"modified":"2025-07-07T11:04:30","modified_gmt":"2025-07-07T08:04:30","slug":"cumhurbaskani-sayin-ahmed-el-sara-resmi-ziyaret-icin-birlesik-arap-emirliklerine-gidiyor","status":"publish","type":"post","link":"https:\/\/archive.sana.sy\/tr\/?p=324871","title":{"rendered":"Cumhurba\u015fkan\u0131 Say\u0131n Ahmed El \u015eara, resmi ziyaret i\u00e7in Birle\u015fik Arap Emirlikleri&#8217;ne gidiyor"},"content":{"rendered":"<p>Cumhurba\u015fkan\u0131 Say\u0131n Ahmed El \u015eara, resmi ziyaret i\u00e7in Birle\u015fik Arap Emirlikleri&#8217;ne gidiyor<\/p>\n","protected":false},"excerpt":{"rendered":"<p>Cumhurba\u015fkan\u0131 Say\u0131n Ahmed El \u015eara, resmi ziyaret i\u00e7in Birle\u015fik Arap Emirlikleri&#8217;ne gidiyor<\/p>\n","protected":false},"author":36,"featured_media":0,"comment_status":"closed","ping_status":"closed","sticky":false,"template":"","format":"standard","meta":{"footnotes":""},"categories":[1],"tags":[],"class_list":["post-324871","post","type-post","status-publish","format-standard","","category-news-not-sorted"],"_links":{"self":[{"href":"https:\/\/archive.sana.sy\/tr\/index.php?rest_route=\/wp\/v2\/posts\/324871","targetHints":{"allow":["GET"]}}],"collection":[{"href":"https:\/\/archive.sana.sy\/tr\/index.php?rest_route=\/wp\/v2\/posts"}],"about":[{"href":"https:\/\/archive.sana.sy\/tr\/index.php?rest_route=\/wp\/v2\/types\/post"}],"author":[{"embeddable":true,"href":"https:\/\/archive.sana.sy\/tr\/index.php?rest_route=\/wp\/v2\/users\/36"}],"replies":[{"embeddable":true,"href":"https:\/\/archive.sana.sy\/tr\/index.php?rest_route=%2Fwp%2Fv2%2Fcomments&post=324871"}],"version-history":[{"count":1,"href":"https:\/\/archive.sana.sy\/tr\/index.php?rest_route=\/wp\/v2\/posts\/324871\/revisions"}],"predecessor-version":[{"id":324872,"href":"https:\/\/archive.sana.sy\/tr\/index.php?rest_route=\/wp\/v2\/posts\/324871\/revisions\/324872"}],"wp:attachment":[{"href":"https:\/\/archive.sana.sy\/tr\/index.php?rest_route=%2Fwp%2Fv2%2Fmedia&parent=324871"}],"wp:term":[{"taxonomy":"category","embeddable":true,"href":"https:\/\/archive.sana.sy\/tr\/index.php?rest_route=%2Fwp%2Fv2%2Fcategories&post=324871"},{"taxonomy":"post_tag","embeddable":true,"href":"https:\/\/archive.sana.sy\/tr\/index.php?rest_route=%2Fwp%2Fv2%2Ftags&post=324871"}],"curies":[{"name":"wp","href":"https:\/\/api.w.org\/{rel}","templated":true}]}}