{"id":324873,"date":"2025-07-07T12:02:36","date_gmt":"2025-07-07T09:02:36","guid":{"rendered":"https:\/\/sana.sy\/tr\/?p=324873"},"modified":"2025-07-07T12:06:34","modified_gmt":"2025-07-07T09:06:34","slug":"itfaiye-ekipleri-idlib-ve-hama-kirsalindaki-birkac-yangini-sondurmeyi-basardi","status":"publish","type":"post","link":"https:\/\/archive.sana.sy\/tr\/?p=324873","title":{"rendered":"\u0130tfaiye ekipleri \u0130dlib Ve Hama K\u0131rsal\u0131ndaki \u00c7\u0131kan Birka\u00e7 Yang\u0131n\u0131 S\u00f6nd\u00fcrmeyi Ba\u015fard\u0131"},"content":{"rendered":"<p style=\"text-align: justify;\"><strong>\u0130DL\u0130B_HAMA (SANA) &#8211;<\/strong> Suriye Sivil Savunma itfaiyecileri, d\u00fcn gece yar\u0131s\u0131ndan sonra \u0130dlib&#8217;in bat\u0131s\u0131ndaki Baksariye il\u00e7esine ba\u011fl\u0131 Ayn Bunduk b\u00f6lgesinde \u00e7\u0131kan orman yang\u0131n\u0131n\u0131, 15 saatlik aral\u0131ks\u0131z \u00e7al\u0131\u015fman\u0131n ard\u0131ndan kontrol alt\u0131na almay\u0131 ba\u015fard\u0131.<\/p>\n<p style=\"text-align: justify;\"><img loading=\"lazy\" decoding=\"async\" class=\"size-full wp-image-324880 alignright\" src=\"http:\/\/sana.sy\/tr\/wp-content\/uploads\/2025\/07\/111111111111.jpg\" alt=\"\" width=\"300\" height=\"200\" \/>Sivil Savunma, itfaiye ekiplerinin, Hama k\u0131rsal\u0131ndaki \u011eab Ovas\u0131&#8217;na bakan da\u011flarda ve Foro k\u00f6y\u00fcn\u00fcn \u00e7evresinde \u00e7\u0131kan b\u00fcy\u00fck orman yang\u0131n\u0131n\u0131 yakla\u015f\u0131k 10 saatlik s\u00fcrekli \u00e7abalar\u0131n ard\u0131ndan kontrol alt\u0131na ald\u0131\u011f\u0131na dikkat ederek, itfaiye ekiplerinin \u00f6zellikle sava\u015f kal\u0131nt\u0131lar\u0131 ve may\u0131nlar\u0131n patlamas\u0131 gibi \u00f6nemli zorluklarla kar\u015f\u0131 kar\u015f\u0131ya oldu\u011funu a\u00e7\u0131klad\u0131.<\/p>\n<p style=\"text-align: justify;\">Sivil Savunma, itfaiye ekiplerinin yang\u0131n\u0131n tekrar \u00e7\u0131kmas\u0131n\u0131 \u00f6nlemek amac\u0131yla b\u00f6lgeyi so\u011futma ve kontrol alt\u0131na alma \u00e7al\u0131\u015fmalar\u0131n\u0131 s\u00fcrd\u00fcrd\u00fc\u011f\u00fcn\u00fc de bildirdi.<\/p>\n<div id='gallery-1' class='gallery galleryid-324873 gallery-columns-1 gallery-size-full'><figure class='gallery-item'>\n\t\t\t<div class='gallery-icon landscape'>\n\t\t\t\t<a href='https:\/\/archive.sana.sy\/tr\/wp-content\/uploads\/2025\/07\/IMG_1362.jpg'><img loading=\"lazy\" decoding=\"async\" width=\"660\" height=\"440\" src=\"https:\/\/archive.sana.sy\/tr\/wp-content\/uploads\/2025\/07\/IMG_1362.jpg\" class=\"attachment-full size-full\" alt=\"\" srcset=\"https:\/\/archive.sana.sy\/tr\/wp-content\/uploads\/2025\/07\/IMG_1362.jpg 660w, https:\/\/archive.sana.sy\/tr\/wp-content\/uploads\/2025\/07\/IMG_1362-300x200.jpg 300w\" sizes=\"auto, (max-width: 660px) 100vw, 660px\" \/><\/a>\n\t\t\t<\/div><\/figure><figure class='gallery-item'>\n\t\t\t<div class='gallery-icon landscape'>\n\t\t\t\t<a href='https:\/\/archive.sana.sy\/tr\/wp-content\/uploads\/2025\/07\/IMG_1379.jpg'><img loading=\"lazy\" decoding=\"async\" width=\"1620\" height=\"1080\" src=\"https:\/\/archive.sana.sy\/tr\/wp-content\/uploads\/2025\/07\/IMG_1379.jpg\" class=\"attachment-full size-full\" alt=\"\" srcset=\"https:\/\/archive.sana.sy\/tr\/wp-content\/uploads\/2025\/07\/IMG_1379.jpg 1620w, https:\/\/archive.sana.sy\/tr\/wp-content\/uploads\/2025\/07\/IMG_1379-300x200.jpg 300w, https:\/\/archive.sana.sy\/tr\/wp-content\/uploads\/2025\/07\/IMG_1379-1024x683.jpg 1024w, https:\/\/archive.sana.sy\/tr\/wp-content\/uploads\/2025\/07\/IMG_1379-768x512.jpg 768w, https:\/\/archive.sana.sy\/tr\/wp-content\/uploads\/2025\/07\/IMG_1379-1536x1024.jpg 1536w\" sizes=\"auto, (max-width: 1620px) 100vw, 1620px\" \/><\/a>\n\t\t\t<\/div><\/figure><figure class='gallery-item'>\n\t\t\t<div class='gallery-icon landscape'>\n\t\t\t\t<a href='https:\/\/archive.sana.sy\/tr\/wp-content\/uploads\/2025\/07\/IMG_1387.jpg'><img loading=\"lazy\" decoding=\"async\" width=\"660\" height=\"440\" src=\"https:\/\/archive.sana.sy\/tr\/wp-content\/uploads\/2025\/07\/IMG_1387.jpg\" class=\"attachment-full size-full\" alt=\"\" srcset=\"https:\/\/archive.sana.sy\/tr\/wp-content\/uploads\/2025\/07\/IMG_1387.jpg 660w, https:\/\/archive.sana.sy\/tr\/wp-content\/uploads\/2025\/07\/IMG_1387-300x200.jpg 300w\" sizes=\"auto, (max-width: 660px) 100vw, 660px\" \/><\/a>\n\t\t\t<\/div><\/figure><figure class='gallery-item'>\n\t\t\t<div class='gallery-icon landscape'>\n\t\t\t\t<a href='https:\/\/archive.sana.sy\/tr\/wp-content\/uploads\/2025\/07\/IMG_1417.jpg'><img loading=\"lazy\" decoding=\"async\" width=\"660\" height=\"440\" src=\"https:\/\/archive.sana.sy\/tr\/wp-content\/uploads\/2025\/07\/IMG_1417.jpg\" class=\"attachment-full size-full\" alt=\"\" srcset=\"https:\/\/archive.sana.sy\/tr\/wp-content\/uploads\/2025\/07\/IMG_1417.jpg 660w, https:\/\/archive.sana.sy\/tr\/wp-content\/uploads\/2025\/07\/IMG_1417-300x200.jpg 300w\" sizes=\"auto, (max-width: 660px) 100vw, 660px\" \/><\/a>\n\t\t\t<\/div><\/figure><figure class='gallery-item'>\n\t\t\t<div class='gallery-icon landscape'>\n\t\t\t\t<a href='https:\/\/archive.sana.sy\/tr\/wp-content\/uploads\/2025\/07\/IMG_1427.jpg'><img loading=\"lazy\" decoding=\"async\" width=\"660\" height=\"440\" src=\"https:\/\/archive.sana.sy\/tr\/wp-content\/uploads\/2025\/07\/IMG_1427.jpg\" class=\"attachment-full size-full\" alt=\"\" srcset=\"https:\/\/archive.sana.sy\/tr\/wp-content\/uploads\/2025\/07\/IMG_1427.jpg 660w, https:\/\/archive.sana.sy\/tr\/wp-content\/uploads\/2025\/07\/IMG_1427-300x200.jpg 300w\" sizes=\"auto, (max-width: 660px) 100vw, 660px\" \/><\/a>\n\t\t\t<\/div><\/figure>\n\t\t<\/div>\n\n","protected":false},"excerpt":{"rendered":"<p>\u0130DL\u0130B_HAMA (SANA) &#8211; Suriye Sivil Savunma itfaiyecileri, d\u00fcn gece yar\u0131s\u0131ndan sonra \u0130dlib&#8217;in bat\u0131s\u0131ndaki Baksariye il\u00e7esine ba\u011fl\u0131 Ayn Bunduk b\u00f6lgesinde \u00e7\u0131kan orman yang\u0131n\u0131n\u0131, 15 saatlik aral\u0131ks\u0131z \u00e7al\u0131\u015fman\u0131n ard\u0131ndan kontrol alt\u0131na almay\u0131 ba\u015fard\u0131. Sivil Savunma, itfaiye ekiplerinin, Hama k\u0131rsal\u0131ndaki \u011eab Ovas\u0131&#8217;na bakan da\u011flarda ve Foro k\u00f6y\u00fcn\u00fcn \u00e7evresinde \u00e7\u0131kan b\u00fcy\u00fck orman yang\u0131n\u0131n\u0131 yakla\u015f\u0131k 10 saatlik s\u00fcrekli \u00e7abalar\u0131n ard\u0131ndan &hellip;<\/p>\n","protected":false},"author":39,"featured_media":324874,"comment_status":"closed","ping_status":"closed","sticky":false,"template":"","format":"standard","meta":{"footnotes":""},"categories":[596,589,479,575,17988,478],"tags":[],"class_list":["post-324873","post","type-post","status-publish","format-standard","has-post-thumbnail","","category-fotografli-raporlar","category-haber-seridi","category-haberler-yerel","category-olaylar-ve-gercekler","category-son-haberler","category-yerel"],"_links":{"self":[{"href":"https:\/\/archive.sana.sy\/tr\/index.php?rest_route=\/wp\/v2\/posts\/324873","targetHints":{"allow":["GET"]}}],"collection":[{"href":"https:\/\/archive.sana.sy\/tr\/index.php?rest_route=\/wp\/v2\/posts"}],"about":[{"href":"https:\/\/archive.sana.sy\/tr\/index.php?rest_route=\/wp\/v2\/types\/post"}],"author":[{"embeddable":true,"href":"https:\/\/archive.sana.sy\/tr\/index.php?rest_route=\/wp\/v2\/users\/39"}],"replies":[{"embeddable":true,"href":"https:\/\/archive.sana.sy\/tr\/index.php?rest_route=%2Fwp%2Fv2%2Fcomments&post=324873"}],"version-history":[{"count":2,"href":"https:\/\/archive.sana.sy\/tr\/index.php?rest_route=\/wp\/v2\/posts\/324873\/revisions"}],"predecessor-version":[{"id":324882,"href":"https:\/\/archive.sana.sy\/tr\/index.php?rest_route=\/wp\/v2\/posts\/324873\/revisions\/324882"}],"wp:featuredmedia":[{"embeddable":true,"href":"https:\/\/archive.sana.sy\/tr\/index.php?rest_route=\/wp\/v2\/media\/324874"}],"wp:attachment":[{"href":"https:\/\/archive.sana.sy\/tr\/index.php?rest_route=%2Fwp%2Fv2%2Fmedia&parent=324873"}],"wp:term":[{"taxonomy":"category","embeddable":true,"href":"https:\/\/archive.sana.sy\/tr\/index.php?rest_route=%2Fwp%2Fv2%2Fcategories&post=324873"},{"taxonomy":"post_tag","embeddable":true,"href":"https:\/\/archive.sana.sy\/tr\/index.php?rest_route=%2Fwp%2Fv2%2Ftags&post=324873"}],"curies":[{"name":"wp","href":"https:\/\/api.w.org\/{rel}","templated":true}]}}