{"id":324883,"date":"2025-07-07T12:23:06","date_gmt":"2025-07-07T09:23:06","guid":{"rendered":"https:\/\/sana.sy\/tr\/?p=324883"},"modified":"2025-07-07T14:53:10","modified_gmt":"2025-07-07T11:53:10","slug":"acil-durum-bakani-lubnan-lazkiyedeki-yanginlarin-sondurulmesine-katiliyor","status":"publish","type":"post","link":"https:\/\/archive.sana.sy\/tr\/?p=324883","title":{"rendered":"Acil Durum Bakan\u0131: L\u00fcbnan, Lazkiye&#8217;deki Yang\u0131nlar\u0131n S\u00f6nd\u00fcr\u00fclmesine Kat\u0131l\u0131yor"},"content":{"rendered":"<p style=\"text-align: justify;\"><span style=\"color: #ff0000;\"><strong>\u015eAM (SANA) &#8211;<\/strong> <\/span>L\u00fcbnan Acil Durum ve Afet Y\u00f6netimi Bakanl\u0131\u011f\u0131, L\u00fcbnan Cumhuriyeti&#8217;nin Suriye D\u0131\u015fi\u015fleri Bakanl\u0131\u011f\u0131 ile koordineli olarak, bug\u00fcn iki yang\u0131n s\u00f6nd\u00fcrme helikopteri tahsis ederek, Lazkiye&#8217;nin kuzey k\u0131rsal\u0131nda \u00e7\u0131kan orman yang\u0131nlar\u0131n\u0131n s\u00f6nd\u00fcr\u00fclmesine kat\u0131laca\u011f\u0131n\u0131 duyurdu.<\/p>\n<p style=\"text-align: justify;\"><img loading=\"lazy\" decoding=\"async\" class=\"size-medium wp-image-324884 alignright\" src=\"http:\/\/sana.sy\/tr\/wp-content\/uploads\/2025\/07\/1-5-300x200.jpg\" alt=\"\" width=\"300\" height=\"200\" srcset=\"https:\/\/archive.sana.sy\/tr\/wp-content\/uploads\/2025\/07\/1-5-300x200.jpg 300w, https:\/\/archive.sana.sy\/tr\/wp-content\/uploads\/2025\/07\/1-5-1024x682.jpg 1024w, https:\/\/archive.sana.sy\/tr\/wp-content\/uploads\/2025\/07\/1-5-768x512.jpg 768w, https:\/\/archive.sana.sy\/tr\/wp-content\/uploads\/2025\/07\/1-5.jpg 1280w\" sizes=\"auto, (max-width: 300px) 100vw, 300px\" \/>Acil Durumlar Bakan\u0131 Raed El Salih, X platformunda yapt\u0131\u011f\u0131 payla\u015f\u0131mda, bu giri\u015fimin iki \u00fclke aras\u0131ndaki karde\u015flik ba\u011flar\u0131n\u0131n derinli\u011fini yans\u0131tt\u0131\u011f\u0131n\u0131 ve do\u011fal ve \u00e7evresel felaketlerle m\u00fccadelede dayan\u0131\u015fman\u0131n \u00f6nemini yans\u0131tt\u0131\u011f\u0131n\u0131 belirtirken, \u0130ki u\u00e7a\u011f\u0131n bug\u00fcn \u00e7al\u0131\u015fmalar\u0131na ba\u015flamas\u0131n\u0131n planland\u0131\u011f\u0131n\u0131 kaydetti.<\/p>\n<p style=\"text-align: justify;\">Bakan El Salih, Lazkiye k\u0131rsal\u0131ndaki orman yang\u0131nlar\u0131n\u0131 s\u00f6nd\u00fcrme \u00e7abalar\u0131na destek olmak amac\u0131yla g\u00f6sterdikleri c\u00f6mert giri\u015fim ve h\u0131zl\u0131 m\u00fcdahaleden dolay\u0131 L\u00fcbnan Cumhuriyeti&#8217;ndeki karde\u015flerimize i\u00e7ten te\u015fekk\u00fcrlerini ve minnettarl\u0131klar\u0131n\u0131 iletti.<\/p>\n","protected":false},"excerpt":{"rendered":"<p>\u015eAM (SANA) &#8211; L\u00fcbnan Acil Durum ve Afet Y\u00f6netimi Bakanl\u0131\u011f\u0131, L\u00fcbnan Cumhuriyeti&#8217;nin Suriye D\u0131\u015fi\u015fleri Bakanl\u0131\u011f\u0131 ile koordineli olarak, bug\u00fcn iki yang\u0131n s\u00f6nd\u00fcrme helikopteri tahsis ederek, Lazkiye&#8217;nin kuzey k\u0131rsal\u0131nda \u00e7\u0131kan orman yang\u0131nlar\u0131n\u0131n s\u00f6nd\u00fcr\u00fclmesine kat\u0131laca\u011f\u0131n\u0131 duyurdu. Acil Durumlar Bakan\u0131 Raed El Salih, X platformunda yapt\u0131\u011f\u0131 payla\u015f\u0131mda, bu giri\u015fimin iki \u00fclke aras\u0131ndaki karde\u015flik ba\u011flar\u0131n\u0131n derinli\u011fini yans\u0131tt\u0131\u011f\u0131n\u0131 ve do\u011fal &hellip;<\/p>\n","protected":false},"author":36,"featured_media":324885,"comment_status":"closed","ping_status":"closed","sticky":false,"template":"","format":"standard","meta":{"footnotes":""},"categories":[589,479,17988,478],"tags":[],"class_list":["post-324883","post","type-post","status-publish","format-standard","has-post-thumbnail","","category-haber-seridi","category-haberler-yerel","category-son-haberler","category-yerel"],"_links":{"self":[{"href":"https:\/\/archive.sana.sy\/tr\/index.php?rest_route=\/wp\/v2\/posts\/324883","targetHints":{"allow":["GET"]}}],"collection":[{"href":"https:\/\/archive.sana.sy\/tr\/index.php?rest_route=\/wp\/v2\/posts"}],"about":[{"href":"https:\/\/archive.sana.sy\/tr\/index.php?rest_route=\/wp\/v2\/types\/post"}],"author":[{"embeddable":true,"href":"https:\/\/archive.sana.sy\/tr\/index.php?rest_route=\/wp\/v2\/users\/36"}],"replies":[{"embeddable":true,"href":"https:\/\/archive.sana.sy\/tr\/index.php?rest_route=%2Fwp%2Fv2%2Fcomments&post=324883"}],"version-history":[{"count":2,"href":"https:\/\/archive.sana.sy\/tr\/index.php?rest_route=\/wp\/v2\/posts\/324883\/revisions"}],"predecessor-version":[{"id":324912,"href":"https:\/\/archive.sana.sy\/tr\/index.php?rest_route=\/wp\/v2\/posts\/324883\/revisions\/324912"}],"wp:featuredmedia":[{"embeddable":true,"href":"https:\/\/archive.sana.sy\/tr\/index.php?rest_route=\/wp\/v2\/media\/324885"}],"wp:attachment":[{"href":"https:\/\/archive.sana.sy\/tr\/index.php?rest_route=%2Fwp%2Fv2%2Fmedia&parent=324883"}],"wp:term":[{"taxonomy":"category","embeddable":true,"href":"https:\/\/archive.sana.sy\/tr\/index.php?rest_route=%2Fwp%2Fv2%2Fcategories&post=324883"},{"taxonomy":"post_tag","embeddable":true,"href":"https:\/\/archive.sana.sy\/tr\/index.php?rest_route=%2Fwp%2Fv2%2Ftags&post=324883"}],"curies":[{"name":"wp","href":"https:\/\/api.w.org\/{rel}","templated":true}]}}