{"id":324887,"date":"2025-07-07T12:36:27","date_gmt":"2025-07-07T09:36:27","guid":{"rendered":"https:\/\/sana.sy\/tr\/?p=324887"},"modified":"2025-07-08T15:04:57","modified_gmt":"2025-07-08T12:04:57","slug":"itfaiye-ekipleri-lazkiyedeki-yanginlari-sondurme-calismalari-devam-ediyor","status":"publish","type":"post","link":"https:\/\/archive.sana.sy\/tr\/?p=324887","title":{"rendered":"\u0130tfaiye Ekipleri, Lazkiye&#8217;deki Yang\u0131nlar\u0131 S\u00f6nd\u00fcrme Cal\u0131\u015fmalar\u0131 Devam Ediyor"},"content":{"rendered":"<p style=\"text-align: justify;\"><span style=\"color: #ff0000;\"><strong>LAZK\u0130YE (SANA) &#8211; <\/strong><\/span>\u0130tfaiyeciler, Lazkiye&#8217;nin kuzey k\u0131rsal\u0131nda devam eden yang\u0131nlar\u0131 be\u015finci g\u00fcnd\u00fcr s\u00f6nd\u00fcrmeye \u00e7al\u0131\u015f\u0131yor, salg\u0131nlar\u0131n bir k\u0131sm\u0131n\u0131n kontrol alt\u0131na al\u0131nmas\u0131nda ilerleme sa\u011flan\u0131yor.<\/p>\n<p style=\"text-align: justify;\"><img loading=\"lazy\" decoding=\"async\" class=\"size-medium wp-image-324890 alignright\" src=\"http:\/\/sana.sy\/tr\/wp-content\/uploads\/2025\/07\/3-3-300x210.jpg\" alt=\"\" width=\"300\" height=\"210\" srcset=\"https:\/\/archive.sana.sy\/tr\/wp-content\/uploads\/2025\/07\/3-3-300x210.jpg 300w, https:\/\/archive.sana.sy\/tr\/wp-content\/uploads\/2025\/07\/3-3-1024x718.jpg 1024w, https:\/\/archive.sana.sy\/tr\/wp-content\/uploads\/2025\/07\/3-3-768x539.jpg 768w, https:\/\/archive.sana.sy\/tr\/wp-content\/uploads\/2025\/07\/3-3.jpg 1233w\" sizes=\"auto, (max-width: 300px) 100vw, 300px\" \/>Suriye Sahil G\u00fcvenlik Komutanl\u0131\u011f\u0131 Sivil Savunma M\u00fcd\u00fcr\u00fc Abdulkafi Kayyal SANA&#8217;ya yapt\u0131\u011f\u0131 a\u00e7\u0131klamada, Lazkiye&#8217;nin kuzey k\u0131rsal\u0131nda be\u015f g\u00fcnd\u00fcr devam eden yang\u0131n s\u00f6nd\u00fcrme \u00e7al\u0131\u015fmalar\u0131nda baz\u0131 s\u0131cak noktalar\u0131n kontrol alt\u0131na al\u0131nmas\u0131nda ilerleme sa\u011fland\u0131\u011f\u0131n\u0131 belirtti.<\/p>\n<p style=\"text-align: justify;\">Kayyal ayr\u0131ca, Sivil Savunma itfaiye ekipleri ile yang\u0131nla m\u00fccadelede g\u00f6rev alan T\u00fcrkiye ve \u00dcrd\u00fcn&#8217;den gelen itfaiye ekiplerinin, yang\u0131n\u0131n yeni ye\u015fil alanlara s\u0131\u00e7ramas\u0131n\u0131 \u00f6nlemek i\u00e7in yo\u011fun \u00e7aba harcad\u0131\u011f\u0131n\u0131 kaydetti.<\/p>\n<p style=\"text-align: justify;\">Ayn\u0131 kapsamda Suriye Sivil Savunmas\u0131, Telegram kanal\u0131 \u00fczerinden yapt\u0131\u011f\u0131 a\u00e7\u0131klamada, d\u00fcn gece Cebel El T\u00fcrkmen ve Fernluk ormanlar\u0131nda yo\u011funla\u015fan iki noktada \u00e7\u0131kan orman yang\u0131nlar\u0131n\u0131 s\u00f6nd\u00fcrmek i\u00e7in Sivil Savunma itfaiye ekipleri, ormanc\u0131l\u0131k tugaylar\u0131 ve T\u00fcrk itfaiye ekipleri taraf\u0131ndan yo\u011fun \u00e7aba sarf edildi\u011fini ifade etti.<\/p>\n","protected":false},"excerpt":{"rendered":"<p>LAZK\u0130YE (SANA) &#8211; \u0130tfaiyeciler, Lazkiye&#8217;nin kuzey k\u0131rsal\u0131nda devam eden yang\u0131nlar\u0131 be\u015finci g\u00fcnd\u00fcr s\u00f6nd\u00fcrmeye \u00e7al\u0131\u015f\u0131yor, salg\u0131nlar\u0131n bir k\u0131sm\u0131n\u0131n kontrol alt\u0131na al\u0131nmas\u0131nda ilerleme sa\u011flan\u0131yor. Suriye Sahil G\u00fcvenlik Komutanl\u0131\u011f\u0131 Sivil Savunma M\u00fcd\u00fcr\u00fc Abdulkafi Kayyal SANA&#8217;ya yapt\u0131\u011f\u0131 a\u00e7\u0131klamada, Lazkiye&#8217;nin kuzey k\u0131rsal\u0131nda be\u015f g\u00fcnd\u00fcr devam eden yang\u0131n s\u00f6nd\u00fcrme \u00e7al\u0131\u015fmalar\u0131nda baz\u0131 s\u0131cak noktalar\u0131n kontrol alt\u0131na al\u0131nmas\u0131nda ilerleme sa\u011fland\u0131\u011f\u0131n\u0131 belirtti. Kayyal ayr\u0131ca, &hellip;<\/p>\n","protected":false},"author":36,"featured_media":324891,"comment_status":"closed","ping_status":"closed","sticky":false,"template":"","format":"standard","meta":{"footnotes":""},"categories":[589,479,17988,478],"tags":[],"class_list":["post-324887","post","type-post","status-publish","format-standard","has-post-thumbnail","","category-haber-seridi","category-haberler-yerel","category-son-haberler","category-yerel"],"_links":{"self":[{"href":"https:\/\/archive.sana.sy\/tr\/index.php?rest_route=\/wp\/v2\/posts\/324887","targetHints":{"allow":["GET"]}}],"collection":[{"href":"https:\/\/archive.sana.sy\/tr\/index.php?rest_route=\/wp\/v2\/posts"}],"about":[{"href":"https:\/\/archive.sana.sy\/tr\/index.php?rest_route=\/wp\/v2\/types\/post"}],"author":[{"embeddable":true,"href":"https:\/\/archive.sana.sy\/tr\/index.php?rest_route=\/wp\/v2\/users\/36"}],"replies":[{"embeddable":true,"href":"https:\/\/archive.sana.sy\/tr\/index.php?rest_route=%2Fwp%2Fv2%2Fcomments&post=324887"}],"version-history":[{"count":3,"href":"https:\/\/archive.sana.sy\/tr\/index.php?rest_route=\/wp\/v2\/posts\/324887\/revisions"}],"predecessor-version":[{"id":324909,"href":"https:\/\/archive.sana.sy\/tr\/index.php?rest_route=\/wp\/v2\/posts\/324887\/revisions\/324909"}],"wp:featuredmedia":[{"embeddable":true,"href":"https:\/\/archive.sana.sy\/tr\/index.php?rest_route=\/wp\/v2\/media\/324891"}],"wp:attachment":[{"href":"https:\/\/archive.sana.sy\/tr\/index.php?rest_route=%2Fwp%2Fv2%2Fmedia&parent=324887"}],"wp:term":[{"taxonomy":"category","embeddable":true,"href":"https:\/\/archive.sana.sy\/tr\/index.php?rest_route=%2Fwp%2Fv2%2Fcategories&post=324887"},{"taxonomy":"post_tag","embeddable":true,"href":"https:\/\/archive.sana.sy\/tr\/index.php?rest_route=%2Fwp%2Fv2%2Ftags&post=324887"}],"curies":[{"name":"wp","href":"https:\/\/api.w.org\/{rel}","templated":true}]}}