{"id":324893,"date":"2025-07-07T12:41:52","date_gmt":"2025-07-07T09:41:52","guid":{"rendered":"https:\/\/sana.sy\/tr\/?p=324893"},"modified":"2025-07-07T14:52:09","modified_gmt":"2025-07-07T11:52:09","slug":"vakiflar-bakani-ile-hama-valisi-savunuculuk-ve-vakiflar-konusunda-isbirligini-gorustu","status":"publish","type":"post","link":"https:\/\/archive.sana.sy\/tr\/?p=324893","title":{"rendered":"Vak\u0131flar Bakan\u0131 \u0130le Hama Valisi, Savunuculuk ve Vak\u0131flar Konusunda \u0130\u015fbirli\u011fini G\u00f6r\u00fc\u015ft\u00fc"},"content":{"rendered":"<p style=\"text-align: justify;\"><span style=\"color: #ff0000;\"><strong>HAMA (SANA) &#8211; <\/strong><\/span>Vak\u0131flar Bakan\u0131 Muhammed Ebu El Hayr \u015eukri, Hama Valisi Abdurrahman El Sahyan ile valilikte ortak dini savunuculuk ve vak\u0131f projelerinde i\u015fbirli\u011finin geli\u015ftirilmesi olanaklar\u0131n\u0131 g\u00f6r\u00fc\u015ft\u00fc.<\/p>\n<p style=\"text-align: justify;\">Toplant\u0131 bug\u00fcn Hama Valili\u011fi merkezinde, Cumhurba\u015fkanl\u0131\u011f\u0131 Din \u0130\u015fleri Dan\u0131\u015fma Ofisi Ba\u015fkan\u0131 Say\u0131n Abdurrahim Atun, Vak\u0131flar Bakanl\u0131\u011f\u0131&#8217;ndan bir heyet ve \u00e7ok say\u0131da din alimi huzurunda ger\u00e7ekle\u015fti.<\/p>\n<div id='gallery-1' class='gallery galleryid-324893 gallery-columns-2 gallery-size-full'><figure class='gallery-item'>\n\t\t\t<div class='gallery-icon landscape'>\n\t\t\t\t<a href='https:\/\/archive.sana.sy\/tr\/wp-content\/uploads\/2025\/07\/5-1.jpg'><img loading=\"lazy\" decoding=\"async\" width=\"2560\" height=\"1707\" src=\"https:\/\/archive.sana.sy\/tr\/wp-content\/uploads\/2025\/07\/5-1.jpg\" class=\"attachment-full size-full\" alt=\"\" srcset=\"https:\/\/archive.sana.sy\/tr\/wp-content\/uploads\/2025\/07\/5-1.jpg 2560w, https:\/\/archive.sana.sy\/tr\/wp-content\/uploads\/2025\/07\/5-1-300x200.jpg 300w, https:\/\/archive.sana.sy\/tr\/wp-content\/uploads\/2025\/07\/5-1-1024x683.jpg 1024w, https:\/\/archive.sana.sy\/tr\/wp-content\/uploads\/2025\/07\/5-1-768x512.jpg 768w, https:\/\/archive.sana.sy\/tr\/wp-content\/uploads\/2025\/07\/5-1-1536x1024.jpg 1536w, https:\/\/archive.sana.sy\/tr\/wp-content\/uploads\/2025\/07\/5-1-2048x1366.jpg 2048w\" sizes=\"auto, (max-width: 2560px) 100vw, 2560px\" \/><\/a>\n\t\t\t<\/div><\/figure><figure class='gallery-item'>\n\t\t\t<div class='gallery-icon landscape'>\n\t\t\t\t<a href='https:\/\/archive.sana.sy\/tr\/wp-content\/uploads\/2025\/07\/7-1.jpg'><img loading=\"lazy\" decoding=\"async\" width=\"2560\" height=\"1675\" src=\"https:\/\/archive.sana.sy\/tr\/wp-content\/uploads\/2025\/07\/7-1.jpg\" class=\"attachment-full size-full\" alt=\"\" srcset=\"https:\/\/archive.sana.sy\/tr\/wp-content\/uploads\/2025\/07\/7-1.jpg 2560w, https:\/\/archive.sana.sy\/tr\/wp-content\/uploads\/2025\/07\/7-1-300x196.jpg 300w, https:\/\/archive.sana.sy\/tr\/wp-content\/uploads\/2025\/07\/7-1-1024x670.jpg 1024w, https:\/\/archive.sana.sy\/tr\/wp-content\/uploads\/2025\/07\/7-1-768x503.jpg 768w, https:\/\/archive.sana.sy\/tr\/wp-content\/uploads\/2025\/07\/7-1-1536x1005.jpg 1536w, https:\/\/archive.sana.sy\/tr\/wp-content\/uploads\/2025\/07\/7-1-2048x1340.jpg 2048w\" sizes=\"auto, (max-width: 2560px) 100vw, 2560px\" \/><\/a>\n\t\t\t<\/div><\/figure>\n\t\t<\/div>\n\n","protected":false},"excerpt":{"rendered":"<p>HAMA (SANA) &#8211; Vak\u0131flar Bakan\u0131 Muhammed Ebu El Hayr \u015eukri, Hama Valisi Abdurrahman El Sahyan ile valilikte ortak dini savunuculuk ve vak\u0131f projelerinde i\u015fbirli\u011finin geli\u015ftirilmesi olanaklar\u0131n\u0131 g\u00f6r\u00fc\u015ft\u00fc. Toplant\u0131 bug\u00fcn Hama Valili\u011fi merkezinde, Cumhurba\u015fkanl\u0131\u011f\u0131 Din \u0130\u015fleri Dan\u0131\u015fma Ofisi Ba\u015fkan\u0131 Say\u0131n Abdurrahim Atun, Vak\u0131flar Bakanl\u0131\u011f\u0131&#8217;ndan bir heyet ve \u00e7ok say\u0131da din alimi huzurunda ger\u00e7ekle\u015fti.<\/p>\n","protected":false},"author":36,"featured_media":324897,"comment_status":"closed","ping_status":"closed","sticky":false,"template":"","format":"standard","meta":{"footnotes":""},"categories":[589,479,17988,478],"tags":[],"class_list":["post-324893","post","type-post","status-publish","format-standard","has-post-thumbnail","","category-haber-seridi","category-haberler-yerel","category-son-haberler","category-yerel"],"_links":{"self":[{"href":"https:\/\/archive.sana.sy\/tr\/index.php?rest_route=\/wp\/v2\/posts\/324893","targetHints":{"allow":["GET"]}}],"collection":[{"href":"https:\/\/archive.sana.sy\/tr\/index.php?rest_route=\/wp\/v2\/posts"}],"about":[{"href":"https:\/\/archive.sana.sy\/tr\/index.php?rest_route=\/wp\/v2\/types\/post"}],"author":[{"embeddable":true,"href":"https:\/\/archive.sana.sy\/tr\/index.php?rest_route=\/wp\/v2\/users\/36"}],"replies":[{"embeddable":true,"href":"https:\/\/archive.sana.sy\/tr\/index.php?rest_route=%2Fwp%2Fv2%2Fcomments&post=324893"}],"version-history":[{"count":2,"href":"https:\/\/archive.sana.sy\/tr\/index.php?rest_route=\/wp\/v2\/posts\/324893\/revisions"}],"predecessor-version":[{"id":324911,"href":"https:\/\/archive.sana.sy\/tr\/index.php?rest_route=\/wp\/v2\/posts\/324893\/revisions\/324911"}],"wp:featuredmedia":[{"embeddable":true,"href":"https:\/\/archive.sana.sy\/tr\/index.php?rest_route=\/wp\/v2\/media\/324897"}],"wp:attachment":[{"href":"https:\/\/archive.sana.sy\/tr\/index.php?rest_route=%2Fwp%2Fv2%2Fmedia&parent=324893"}],"wp:term":[{"taxonomy":"category","embeddable":true,"href":"https:\/\/archive.sana.sy\/tr\/index.php?rest_route=%2Fwp%2Fv2%2Fcategories&post=324893"},{"taxonomy":"post_tag","embeddable":true,"href":"https:\/\/archive.sana.sy\/tr\/index.php?rest_route=%2Fwp%2Fv2%2Ftags&post=324893"}],"curies":[{"name":"wp","href":"https:\/\/api.w.org\/{rel}","templated":true}]}}