{"id":324899,"date":"2025-07-07T13:51:35","date_gmt":"2025-07-07T10:51:35","guid":{"rendered":"https:\/\/sana.sy\/tr\/?p=324899"},"modified":"2025-07-07T13:51:35","modified_gmt":"2025-07-07T10:51:35","slug":"yerel-yonetim-ve-cevre-alaninda-suriye-katar-gorusmeleri","status":"publish","type":"post","link":"https:\/\/archive.sana.sy\/tr\/?p=324899","title":{"rendered":"Yerel Y\u00f6netim Ve \u00c7evre Alan\u0131nda Suriye-Katar G\u00f6r\u00fc\u015fmeleri"},"content":{"rendered":"<p style=\"text-align: justify;\"><span style=\"color: #ff0000;\"><strong>\u015eAM (SANA) &#8211; <\/strong><\/span>Yerel Y\u00f6netim ve \u00c7evre Bakan\u0131 M\u00fchendis Muhammed Encari , Katar Devleti&#8217;nin Suriye Arap Cumhuriyeti B\u00fcy\u00fckel\u00e7isi Halife Abdullah El Mahmud El \u015eerif ile yerel y\u00f6netim ve \u00e7evre alanlar\u0131nda ortak ili\u015fkilerin geli\u015ftirilmesi yollar\u0131n\u0131 g\u00f6r\u00fc\u015ft\u00fc.<\/p>\n<p style=\"text-align: justify;\">\u015eam&#8217;daki bakanl\u0131k merkezinde d\u00fczenlenen toplant\u0131da, Bakan Encari, Suriye h\u00fck\u00fcmetinin Katar h\u00fck\u00fcmetiyle ileti\u015fim k\u00f6pr\u00fcleri kurarak do\u011frudan yetki alan\u0131ndaki \u00e7al\u0131\u015fma sistemini geli\u015ftirme ve b\u00f6ylece bakanl\u0131\u011f\u0131n \u00fczerinde \u00e7al\u0131\u015ft\u0131\u011f\u0131 yerel y\u00f6netim projelerinin verimlili\u011finin art\u0131r\u0131lmas\u0131na katk\u0131da bulun<img loading=\"lazy\" decoding=\"async\" class=\"size-medium wp-image-324901 alignright\" src=\"http:\/\/sana.sy\/tr\/wp-content\/uploads\/2025\/07\/9-300x173.jpg\" alt=\"\" width=\"300\" height=\"173\" srcset=\"https:\/\/archive.sana.sy\/tr\/wp-content\/uploads\/2025\/07\/9-300x173.jpg 300w, https:\/\/archive.sana.sy\/tr\/wp-content\/uploads\/2025\/07\/9-1024x589.jpg 1024w, https:\/\/archive.sana.sy\/tr\/wp-content\/uploads\/2025\/07\/9-768x442.jpg 768w, https:\/\/archive.sana.sy\/tr\/wp-content\/uploads\/2025\/07\/9-1536x883.jpg 1536w, https:\/\/archive.sana.sy\/tr\/wp-content\/uploads\/2025\/07\/9-2048x1178.jpg 2048w\" sizes=\"auto, (max-width: 300px) 100vw, 300px\" \/>ma iste\u011fini dile getirdi.<\/p>\n<p style=\"text-align: justify;\">Encari, &#8220;\u00d6zellikle yerel y\u00f6netimlerin vatanda\u015flarla do\u011frudan temas kurmas\u0131 nedeniyle benzersiz bir avantaja sahip olmas\u0131 nedeniyle, ulusal uzmanl\u0131\u011f\u0131n de\u011ferlendirilmesi ve daha sonra pratik uygulamaya ge\u00e7mek \u00fczere projeler, programlar, faaliyetler ve teknik komiteler geli\u015ftirilmesine ihtiya\u00e7 var&#8221; dedi.<\/p>\n<p style=\"text-align: justify;\">Katar&#8217;\u0131n \u015eam B\u00fcy\u00fckel\u00e7isi ise \u00fclkesinin, kar\u015f\u0131l\u0131kl\u0131 \u00e7\u0131karlara hizmet edecek \u015fekilde, her iki \u00fclkede ilgili makamlarca tavsiyelerde bulunmaya, ortak koordinasyon sa\u011flamaya ve bilgilendirici ziyaretler ger\u00e7ekle\u015ftirmeye haz\u0131r oldu\u011funu belirtti.<\/p>\n<div id='gallery-1' class='gallery galleryid-324899 gallery-columns-1 gallery-size-full'><figure class='gallery-item'>\n\t\t\t<div class='gallery-icon landscape'>\n\t\t\t\t<a href='https:\/\/archive.sana.sy\/tr\/wp-content\/uploads\/2025\/07\/10.jpg'><img loading=\"lazy\" decoding=\"async\" width=\"2560\" height=\"1437\" src=\"https:\/\/archive.sana.sy\/tr\/wp-content\/uploads\/2025\/07\/10.jpg\" class=\"attachment-full size-full\" alt=\"\" srcset=\"https:\/\/archive.sana.sy\/tr\/wp-content\/uploads\/2025\/07\/10.jpg 2560w, https:\/\/archive.sana.sy\/tr\/wp-content\/uploads\/2025\/07\/10-300x168.jpg 300w, https:\/\/archive.sana.sy\/tr\/wp-content\/uploads\/2025\/07\/10-1024x575.jpg 1024w, https:\/\/archive.sana.sy\/tr\/wp-content\/uploads\/2025\/07\/10-768x431.jpg 768w, https:\/\/archive.sana.sy\/tr\/wp-content\/uploads\/2025\/07\/10-1536x862.jpg 1536w, https:\/\/archive.sana.sy\/tr\/wp-content\/uploads\/2025\/07\/10-2048x1150.jpg 2048w\" sizes=\"auto, (max-width: 2560px) 100vw, 2560px\" \/><\/a>\n\t\t\t<\/div><\/figure>\n\t\t<\/div>\n\n","protected":false},"excerpt":{"rendered":"<p>\u015eAM (SANA) &#8211; Yerel Y\u00f6netim ve \u00c7evre Bakan\u0131 M\u00fchendis Muhammed Encari , Katar Devleti&#8217;nin Suriye Arap Cumhuriyeti B\u00fcy\u00fckel\u00e7isi Halife Abdullah El Mahmud El \u015eerif ile yerel y\u00f6netim ve \u00e7evre alanlar\u0131nda ortak ili\u015fkilerin geli\u015ftirilmesi yollar\u0131n\u0131 g\u00f6r\u00fc\u015ft\u00fc. \u015eam&#8217;daki bakanl\u0131k merkezinde d\u00fczenlenen toplant\u0131da, Bakan Encari, Suriye h\u00fck\u00fcmetinin Katar h\u00fck\u00fcmetiyle ileti\u015fim k\u00f6pr\u00fcleri kurarak do\u011frudan yetki alan\u0131ndaki \u00e7al\u0131\u015fma sistemini geli\u015ftirme &hellip;<\/p>\n","protected":false},"author":36,"featured_media":324902,"comment_status":"closed","ping_status":"closed","sticky":false,"template":"","format":"standard","meta":{"footnotes":""},"categories":[589,479,17988,478],"tags":[],"class_list":["post-324899","post","type-post","status-publish","format-standard","has-post-thumbnail","","category-haber-seridi","category-haberler-yerel","category-son-haberler","category-yerel"],"_links":{"self":[{"href":"https:\/\/archive.sana.sy\/tr\/index.php?rest_route=\/wp\/v2\/posts\/324899","targetHints":{"allow":["GET"]}}],"collection":[{"href":"https:\/\/archive.sana.sy\/tr\/index.php?rest_route=\/wp\/v2\/posts"}],"about":[{"href":"https:\/\/archive.sana.sy\/tr\/index.php?rest_route=\/wp\/v2\/types\/post"}],"author":[{"embeddable":true,"href":"https:\/\/archive.sana.sy\/tr\/index.php?rest_route=\/wp\/v2\/users\/36"}],"replies":[{"embeddable":true,"href":"https:\/\/archive.sana.sy\/tr\/index.php?rest_route=%2Fwp%2Fv2%2Fcomments&post=324899"}],"version-history":[{"count":1,"href":"https:\/\/archive.sana.sy\/tr\/index.php?rest_route=\/wp\/v2\/posts\/324899\/revisions"}],"predecessor-version":[{"id":324903,"href":"https:\/\/archive.sana.sy\/tr\/index.php?rest_route=\/wp\/v2\/posts\/324899\/revisions\/324903"}],"wp:featuredmedia":[{"embeddable":true,"href":"https:\/\/archive.sana.sy\/tr\/index.php?rest_route=\/wp\/v2\/media\/324902"}],"wp:attachment":[{"href":"https:\/\/archive.sana.sy\/tr\/index.php?rest_route=%2Fwp%2Fv2%2Fmedia&parent=324899"}],"wp:term":[{"taxonomy":"category","embeddable":true,"href":"https:\/\/archive.sana.sy\/tr\/index.php?rest_route=%2Fwp%2Fv2%2Fcategories&post=324899"},{"taxonomy":"post_tag","embeddable":true,"href":"https:\/\/archive.sana.sy\/tr\/index.php?rest_route=%2Fwp%2Fv2%2Ftags&post=324899"}],"curies":[{"name":"wp","href":"https:\/\/api.w.org\/{rel}","templated":true}]}}