{"id":324904,"date":"2025-07-07T14:17:01","date_gmt":"2025-07-07T11:17:01","guid":{"rendered":"https:\/\/sana.sy\/tr\/?p=324904"},"modified":"2025-07-07T14:51:21","modified_gmt":"2025-07-07T11:51:21","slug":"yerel-yonetim-ve-cevre-bakani-urdunun-sam-buyukelcisi-ile-isbirligi-alanlarini-gorustu","status":"publish","type":"post","link":"https:\/\/archive.sana.sy\/tr\/?p=324904","title":{"rendered":"Yerel Y\u00f6netim ve \u00c7evre Bakan\u0131, \u00dcrd\u00fcn&#8217;\u00fcn \u015eam B\u00fcy\u00fckel\u00e7isi \u0130le \u0130\u015fbirli\u011fi Alanlar\u0131n\u0131 G\u00f6r\u00fc\u015ft\u00fc"},"content":{"rendered":"<p style=\"text-align: justify;\"><span style=\"color: #ff0000;\"><strong>\u015eAM (SANA) &#8211; <\/strong><\/span>Suriye Yerel Y\u00f6netim ve \u00c7evre Bakan\u0131 Muhammed Encari, \u00dcrd\u00fcn&#8217;\u00fcn \u015eam Maslahatg\u00fczar\u0131 Basil El Kayed ile ilgili konularda i\u015fbirli\u011fini art\u0131rma ve uzmanl\u0131k al\u0131\u015fveri\u015finde bulunma yollar\u0131n\u0131 g\u00f6r\u00fc\u015ft\u00fc.<\/p>\n<p style=\"text-align: justify;\"><img loading=\"lazy\" decoding=\"async\" class=\"size-medium wp-image-324905 alignright\" src=\"http:\/\/sana.sy\/tr\/wp-content\/uploads\/2025\/07\/12-300x173.jpg\" alt=\"\" width=\"300\" height=\"173\" srcset=\"https:\/\/archive.sana.sy\/tr\/wp-content\/uploads\/2025\/07\/12-300x173.jpg 300w, https:\/\/archive.sana.sy\/tr\/wp-content\/uploads\/2025\/07\/12-1024x592.jpg 1024w, https:\/\/archive.sana.sy\/tr\/wp-content\/uploads\/2025\/07\/12-768x444.jpg 768w, https:\/\/archive.sana.sy\/tr\/wp-content\/uploads\/2025\/07\/12-1536x887.jpg 1536w, https:\/\/archive.sana.sy\/tr\/wp-content\/uploads\/2025\/07\/12-2048x1183.jpg 2048w\" sizes=\"auto, (max-width: 300px) 100vw, 300px\" \/>Bakanl\u0131k binas\u0131nda ger\u00e7ekle\u015fen g\u00f6r\u00fc\u015fmede, Bakan Encari, iki \u00fclke aras\u0131ndaki ili\u015fkilerin geli\u015ftirilmesinin ve \u00f6zellikle \u00dcrd\u00fcn&#8217;\u00fcn bu alandaki \u00f6nemli deneyim ve uzmanl\u0131\u011f\u0131 g\u00f6z \u00f6n\u00fcne al\u0131nd\u0131\u011f\u0131nda, kar\u015f\u0131l\u0131kl\u0131 ziyaretler ve bilgi ve beceri al\u0131\u015fveri\u015fi yoluyla yerel y\u00f6netim, hizmetler ve \u00e7evre alanlar\u0131nda bakanl\u0131klar aras\u0131 koordinasyonun art\u0131r\u0131lmas\u0131n\u0131n \u00f6nemini vurgulad\u0131.<\/p>\n<p style=\"text-align: justify;\">Encari ayr\u0131ca, \u00dcrd\u00fcn&#8217;\u00fcn duru\u015funu ve Suriye k\u0131y\u0131lar\u0131nda \u00e7\u0131kan yang\u0131nlar\u0131 s\u00f6nd\u00fcrmedeki deste\u011fini \u00f6vd\u00fc ve iki \u00fclke aras\u0131ndaki g\u00fc\u00e7l\u00fc ve tarihi ba\u011flar\u0131 g\u00f6sterirken, \u00dcrd\u00fcn&#8217;\u00fcn kuzey Lazkiye k\u0131rsal\u0131ndaki orman yang\u0131nlar\u0131n\u0131 s\u00f6nd\u00fcrme \u00e7abalar\u0131na kat\u0131lmak \u00fczere sivil savunma ekipleri g\u00f6nderdi\u011fini belirtti.<\/p>\n<p style=\"text-align: justify;\">\u00dcrd\u00fcn B\u00fcy\u00fckel\u00e7isi ise \u00fclkesinin Suriye h\u00fck\u00fcmetine her alanda yard\u0131m sa\u011flamaya, iki \u00fclke aras\u0131ndaki Y\u00fcksek Koordinasyon Kurulu arac\u0131l\u0131\u011f\u0131yla Suriye&#8217;nin toparlanmas\u0131na katk\u0131da bulunmaya ve her iki \u00fclkedeki payda\u015flarla plan ve programlar geli\u015ftirmeye haz\u0131r oldu\u011funu ifade etti.<\/p>\n","protected":false},"excerpt":{"rendered":"<p>\u015eAM (SANA) &#8211; Suriye Yerel Y\u00f6netim ve \u00c7evre Bakan\u0131 Muhammed Encari, \u00dcrd\u00fcn&#8217;\u00fcn \u015eam Maslahatg\u00fczar\u0131 Basil El Kayed ile ilgili konularda i\u015fbirli\u011fini art\u0131rma ve uzmanl\u0131k al\u0131\u015fveri\u015finde bulunma yollar\u0131n\u0131 g\u00f6r\u00fc\u015ft\u00fc. Bakanl\u0131k binas\u0131nda ger\u00e7ekle\u015fen g\u00f6r\u00fc\u015fmede, Bakan Encari, iki \u00fclke aras\u0131ndaki ili\u015fkilerin geli\u015ftirilmesinin ve \u00f6zellikle \u00dcrd\u00fcn&#8217;\u00fcn bu alandaki \u00f6nemli deneyim ve uzmanl\u0131\u011f\u0131 g\u00f6z \u00f6n\u00fcne al\u0131nd\u0131\u011f\u0131nda, kar\u015f\u0131l\u0131kl\u0131 ziyaretler ve bilgi &hellip;<\/p>\n","protected":false},"author":36,"featured_media":324906,"comment_status":"closed","ping_status":"closed","sticky":false,"template":"","format":"standard","meta":{"footnotes":""},"categories":[589,479,17988,478],"tags":[],"class_list":["post-324904","post","type-post","status-publish","format-standard","has-post-thumbnail","","category-haber-seridi","category-haberler-yerel","category-son-haberler","category-yerel"],"_links":{"self":[{"href":"https:\/\/archive.sana.sy\/tr\/index.php?rest_route=\/wp\/v2\/posts\/324904","targetHints":{"allow":["GET"]}}],"collection":[{"href":"https:\/\/archive.sana.sy\/tr\/index.php?rest_route=\/wp\/v2\/posts"}],"about":[{"href":"https:\/\/archive.sana.sy\/tr\/index.php?rest_route=\/wp\/v2\/types\/post"}],"author":[{"embeddable":true,"href":"https:\/\/archive.sana.sy\/tr\/index.php?rest_route=\/wp\/v2\/users\/36"}],"replies":[{"embeddable":true,"href":"https:\/\/archive.sana.sy\/tr\/index.php?rest_route=%2Fwp%2Fv2%2Fcomments&post=324904"}],"version-history":[{"count":2,"href":"https:\/\/archive.sana.sy\/tr\/index.php?rest_route=\/wp\/v2\/posts\/324904\/revisions"}],"predecessor-version":[{"id":324910,"href":"https:\/\/archive.sana.sy\/tr\/index.php?rest_route=\/wp\/v2\/posts\/324904\/revisions\/324910"}],"wp:featuredmedia":[{"embeddable":true,"href":"https:\/\/archive.sana.sy\/tr\/index.php?rest_route=\/wp\/v2\/media\/324906"}],"wp:attachment":[{"href":"https:\/\/archive.sana.sy\/tr\/index.php?rest_route=%2Fwp%2Fv2%2Fmedia&parent=324904"}],"wp:term":[{"taxonomy":"category","embeddable":true,"href":"https:\/\/archive.sana.sy\/tr\/index.php?rest_route=%2Fwp%2Fv2%2Fcategories&post=324904"},{"taxonomy":"post_tag","embeddable":true,"href":"https:\/\/archive.sana.sy\/tr\/index.php?rest_route=%2Fwp%2Fv2%2Ftags&post=324904"}],"curies":[{"name":"wp","href":"https:\/\/api.w.org\/{rel}","templated":true}]}}