{"id":324913,"date":"2025-07-07T15:05:51","date_gmt":"2025-07-07T12:05:51","guid":{"rendered":"https:\/\/sana.sy\/tr\/?p=324913"},"modified":"2025-07-07T15:05:51","modified_gmt":"2025-07-07T12:05:51","slug":"suriye-enformasyon-bakaninin-katilimiyla-bonn-uluslararasi-medya-forumu-basladi","status":"publish","type":"post","link":"https:\/\/archive.sana.sy\/tr\/?p=324913","title":{"rendered":"Suriye Enformasyon Bakan\u0131&#8217;n\u0131n kat\u0131l\u0131m\u0131yla&#8230; Bonn Uluslararas\u0131 Medya Forumu Ba\u015flad\u0131"},"content":{"rendered":"<p style=\"text-align: justify;\"><strong><span style=\"color: #ff0000;\">BONN (SANA)<\/span> \u2013<\/strong> \u00a0Bonn Uluslararas\u0131 Medya Forumu bug\u00fcn Almanya&#8217;n\u0131n Bonn kentinde Suriye Enformasyon <img loading=\"lazy\" decoding=\"async\" class=\"size-full wp-image-324915 alignright\" src=\"http:\/\/sana.sy\/tr\/wp-content\/uploads\/2025\/07\/IMG_0257-300x168-1.jpg\" alt=\"\" width=\"300\" height=\"168\" \/>Bakan\u0131 Dr. Hamza El-Mustafa&#8217;n\u0131n yan\u0131 s\u0131ra h\u00fck\u00fcmet temsilcileri, uluslararas\u0131 medya kurulu\u015flar\u0131, gazeteciler ve d\u00fcnyan\u0131n d\u00f6rt bir yan\u0131ndan uzmanlar\u0131n kat\u0131l\u0131m\u0131yla ba\u015flad\u0131.<\/p>\n<p style=\"text-align: justify;\">Bakan El Mustafa, forumun faaliyetleri kapsam\u0131nda bir diyalog oturumuna kat\u0131lacak ve Suriye&#8217;deki mevcut durumdaki geli\u015fmeleri ve \u00fclkenin ya\u015fad\u0131\u011f\u0131 siyasi de\u011fi\u015fimler ve ge\u00e7i\u015f d\u00f6nemi \u0131\u015f\u0131\u011f\u0131nda Suriye medyas\u0131n\u0131n kar\u015f\u0131 kar\u015f\u0131ya oldu\u011fu zorluklar\u0131 ele alacak.<\/p>\n<p style=\"text-align: justify;\">Bakan El Mustafa ayr\u0131ca forumun yan etkinlikleri kapsam\u0131nda Bonn Medya Forumu direkt\u00f6r\u00fcyle bir toplant\u0131 ve DW medya kurulu\u015funun y\u00f6netimiyle bir toplant\u0131 da dahil olmak \u00fczere bir dizi yan toplant\u0131 d\u00fczenleyecek ve i\u015f birli\u011fi ve mesleki uzmanl\u0131k al\u0131\u015fveri\u015fi f\u0131rsatlar\u0131n\u0131 g\u00f6r\u00fc\u015fecek.<\/p>\n<p style=\"text-align: justify;\">Bakan El Mustafa&#8217;n\u0131n ayr\u0131ca Almanya&#8217;daki Suriye toplumundan bir grupla a\u00e7\u0131k bir diyalog oturumunda bir araya gelmesi planlan\u0131yor. Oturumda, \u00f6n\u00fcm\u00fczdeki d\u00f6nemde Suriye medyas\u0131n\u0131n rol\u00fc ve ulusal medya ortam\u0131n\u0131n desteklenmesinde Suriyeli yeteneklerin kat\u0131l\u0131m\u0131n\u0131n etkinle\u015ftirilmesinin \u00f6nemi ele al\u0131nacak.<\/p>\n<div id='gallery-1' class='gallery galleryid-324913 gallery-columns-2 gallery-size-medium'><figure class='gallery-item'>\n\t\t\t<div class='gallery-icon landscape'>\n\t\t\t\t<a href='https:\/\/archive.sana.sy\/tr\/?attachment_id=324916'><img loading=\"lazy\" decoding=\"async\" width=\"300\" height=\"168\" src=\"https:\/\/archive.sana.sy\/tr\/wp-content\/uploads\/2025\/07\/IMG_0322-300x168.jpg\" class=\"attachment-medium size-medium\" alt=\"\" srcset=\"https:\/\/archive.sana.sy\/tr\/wp-content\/uploads\/2025\/07\/IMG_0322-300x168.jpg 300w, https:\/\/archive.sana.sy\/tr\/wp-content\/uploads\/2025\/07\/IMG_0322.jpg 660w\" sizes=\"auto, (max-width: 300px) 100vw, 300px\" \/><\/a>\n\t\t\t<\/div><\/figure><figure class='gallery-item'>\n\t\t\t<div class='gallery-icon landscape'>\n\t\t\t\t<a href='https:\/\/archive.sana.sy\/tr\/?attachment_id=324917'><img loading=\"lazy\" decoding=\"async\" width=\"300\" height=\"168\" src=\"https:\/\/archive.sana.sy\/tr\/wp-content\/uploads\/2025\/07\/IMG_0327-300x168.jpg\" class=\"attachment-medium size-medium\" alt=\"\" srcset=\"https:\/\/archive.sana.sy\/tr\/wp-content\/uploads\/2025\/07\/IMG_0327-300x168.jpg 300w, https:\/\/archive.sana.sy\/tr\/wp-content\/uploads\/2025\/07\/IMG_0327.jpg 660w\" sizes=\"auto, (max-width: 300px) 100vw, 300px\" \/><\/a>\n\t\t\t<\/div><\/figure>\n\t\t<\/div>\n\n","protected":false},"excerpt":{"rendered":"<p>BONN (SANA) \u2013 \u00a0Bonn Uluslararas\u0131 Medya Forumu bug\u00fcn Almanya&#8217;n\u0131n Bonn kentinde Suriye Enformasyon Bakan\u0131 Dr. Hamza El-Mustafa&#8217;n\u0131n yan\u0131 s\u0131ra h\u00fck\u00fcmet temsilcileri, uluslararas\u0131 medya kurulu\u015flar\u0131, gazeteciler ve d\u00fcnyan\u0131n d\u00f6rt bir yan\u0131ndan uzmanlar\u0131n kat\u0131l\u0131m\u0131yla ba\u015flad\u0131. Bakan El Mustafa, forumun faaliyetleri kapsam\u0131nda bir diyalog oturumuna kat\u0131lacak ve Suriye&#8217;deki mevcut durumdaki geli\u015fmeleri ve \u00fclkenin ya\u015fad\u0131\u011f\u0131 siyasi de\u011fi\u015fimler ve ge\u00e7i\u015f &hellip;<\/p>\n","protected":false},"author":41,"featured_media":324914,"comment_status":"closed","ping_status":"closed","sticky":false,"template":"","format":"standard","meta":{"footnotes":""},"categories":[458,589,459,17988],"tags":[],"class_list":["post-324913","post","type-post","status-publish","format-standard","has-post-thumbnail","","category-dunya1","category-haber-seridi","category-haberler-arap-uluslararasi-politika","category-son-haberler"],"_links":{"self":[{"href":"https:\/\/archive.sana.sy\/tr\/index.php?rest_route=\/wp\/v2\/posts\/324913","targetHints":{"allow":["GET"]}}],"collection":[{"href":"https:\/\/archive.sana.sy\/tr\/index.php?rest_route=\/wp\/v2\/posts"}],"about":[{"href":"https:\/\/archive.sana.sy\/tr\/index.php?rest_route=\/wp\/v2\/types\/post"}],"author":[{"embeddable":true,"href":"https:\/\/archive.sana.sy\/tr\/index.php?rest_route=\/wp\/v2\/users\/41"}],"replies":[{"embeddable":true,"href":"https:\/\/archive.sana.sy\/tr\/index.php?rest_route=%2Fwp%2Fv2%2Fcomments&post=324913"}],"version-history":[{"count":1,"href":"https:\/\/archive.sana.sy\/tr\/index.php?rest_route=\/wp\/v2\/posts\/324913\/revisions"}],"predecessor-version":[{"id":324918,"href":"https:\/\/archive.sana.sy\/tr\/index.php?rest_route=\/wp\/v2\/posts\/324913\/revisions\/324918"}],"wp:featuredmedia":[{"embeddable":true,"href":"https:\/\/archive.sana.sy\/tr\/index.php?rest_route=\/wp\/v2\/media\/324914"}],"wp:attachment":[{"href":"https:\/\/archive.sana.sy\/tr\/index.php?rest_route=%2Fwp%2Fv2%2Fmedia&parent=324913"}],"wp:term":[{"taxonomy":"category","embeddable":true,"href":"https:\/\/archive.sana.sy\/tr\/index.php?rest_route=%2Fwp%2Fv2%2Fcategories&post=324913"},{"taxonomy":"post_tag","embeddable":true,"href":"https:\/\/archive.sana.sy\/tr\/index.php?rest_route=%2Fwp%2Fv2%2Ftags&post=324913"}],"curies":[{"name":"wp","href":"https:\/\/api.w.org\/{rel}","templated":true}]}}