{"id":324919,"date":"2025-07-07T15:38:42","date_gmt":"2025-07-07T12:38:42","guid":{"rendered":"https:\/\/sana.sy\/tr\/?p=324919"},"modified":"2025-07-07T15:38:42","modified_gmt":"2025-07-07T12:38:42","slug":"suclu-albay-ammar-muhammed-ammar-tutuklandi","status":"publish","type":"post","link":"https:\/\/archive.sana.sy\/tr\/?p=324919","title":{"rendered":"Su\u00e7lu Albay Ammar Muhammed Ammar Tutukland\u0131"},"content":{"rendered":"<p style=\"text-align: justify;\"><span style=\"color: #ff0000;\"><strong>LAZK\u0130YE (SANA)<\/strong><\/span> &#8211; Lazkiye Valili\u011fi \u0130\u00e7 G\u00fcvenlik Komutanl\u0131\u011f\u0131, Savunma Bakanl\u0131\u011f\u0131&#8217;n\u0131n 50. T\u00fcmeni&#8217;nden bir grupla i\u015fbirli\u011fi yaparak, eski rejim d\u00f6neminde s\u00f6zde &#8220;Devlet G\u00fcvenlik Ayg\u0131t\u0131&#8221;nda \u00e7al\u0131\u015fan bir sava\u015f su\u00e7lusu olan su\u00e7lu Albay Ammar Muhammed Ammar&#8217;\u0131 tutuklad\u0131.<\/p>\n<p style=\"text-align: justify;\">Su\u00e7lu, &#8220;El Hatib&#8221; \u015fubesinde \u00e7al\u0131\u015ft\u0131 ve daha sonra, ad\u0131 y\u0131llard\u0131r i\u015fkence ve zorla kaybetme su\u00e7lar\u0131yla ili\u015fkilendirilen 40. \u015fubenin liderli\u011fini \u00fcstlendi. Kendisine kar\u015f\u0131 gerekli yasal i\u015flemin yap\u0131lmas\u0131 i\u00e7in yetkili yarg\u0131ya sevk edildi.<\/p>\n","protected":false},"excerpt":{"rendered":"<p>LAZK\u0130YE (SANA) &#8211; Lazkiye Valili\u011fi \u0130\u00e7 G\u00fcvenlik Komutanl\u0131\u011f\u0131, Savunma Bakanl\u0131\u011f\u0131&#8217;n\u0131n 50. T\u00fcmeni&#8217;nden bir grupla i\u015fbirli\u011fi yaparak, eski rejim d\u00f6neminde s\u00f6zde &#8220;Devlet G\u00fcvenlik Ayg\u0131t\u0131&#8221;nda \u00e7al\u0131\u015fan bir sava\u015f su\u00e7lusu olan su\u00e7lu Albay Ammar Muhammed Ammar&#8217;\u0131 tutuklad\u0131. Su\u00e7lu, &#8220;El Hatib&#8221; \u015fubesinde \u00e7al\u0131\u015ft\u0131 ve daha sonra, ad\u0131 y\u0131llard\u0131r i\u015fkence ve zorla kaybetme su\u00e7lar\u0131yla ili\u015fkilendirilen 40. \u015fubenin liderli\u011fini \u00fcstlendi. Kendisine &hellip;<\/p>\n","protected":false},"author":41,"featured_media":324920,"comment_status":"closed","ping_status":"closed","sticky":false,"template":"","format":"standard","meta":{"footnotes":""},"categories":[589,479,17988,478],"tags":[],"class_list":["post-324919","post","type-post","status-publish","format-standard","has-post-thumbnail","","category-haber-seridi","category-haberler-yerel","category-son-haberler","category-yerel"],"_links":{"self":[{"href":"https:\/\/archive.sana.sy\/tr\/index.php?rest_route=\/wp\/v2\/posts\/324919","targetHints":{"allow":["GET"]}}],"collection":[{"href":"https:\/\/archive.sana.sy\/tr\/index.php?rest_route=\/wp\/v2\/posts"}],"about":[{"href":"https:\/\/archive.sana.sy\/tr\/index.php?rest_route=\/wp\/v2\/types\/post"}],"author":[{"embeddable":true,"href":"https:\/\/archive.sana.sy\/tr\/index.php?rest_route=\/wp\/v2\/users\/41"}],"replies":[{"embeddable":true,"href":"https:\/\/archive.sana.sy\/tr\/index.php?rest_route=%2Fwp%2Fv2%2Fcomments&post=324919"}],"version-history":[{"count":1,"href":"https:\/\/archive.sana.sy\/tr\/index.php?rest_route=\/wp\/v2\/posts\/324919\/revisions"}],"predecessor-version":[{"id":324921,"href":"https:\/\/archive.sana.sy\/tr\/index.php?rest_route=\/wp\/v2\/posts\/324919\/revisions\/324921"}],"wp:featuredmedia":[{"embeddable":true,"href":"https:\/\/archive.sana.sy\/tr\/index.php?rest_route=\/wp\/v2\/media\/324920"}],"wp:attachment":[{"href":"https:\/\/archive.sana.sy\/tr\/index.php?rest_route=%2Fwp%2Fv2%2Fmedia&parent=324919"}],"wp:term":[{"taxonomy":"category","embeddable":true,"href":"https:\/\/archive.sana.sy\/tr\/index.php?rest_route=%2Fwp%2Fv2%2Fcategories&post=324919"},{"taxonomy":"post_tag","embeddable":true,"href":"https:\/\/archive.sana.sy\/tr\/index.php?rest_route=%2Fwp%2Fv2%2Ftags&post=324919"}],"curies":[{"name":"wp","href":"https:\/\/api.w.org\/{rel}","templated":true}]}}