{"id":324922,"date":"2025-07-07T16:43:33","date_gmt":"2025-07-07T13:43:33","guid":{"rendered":"https:\/\/sana.sy\/tr\/?p=324922"},"modified":"2025-07-09T11:48:24","modified_gmt":"2025-07-09T08:48:24","slug":"suriye-arap-cumhuriyeti-cumhurbaskani-ve-beraberindeki-heyet-birlesik-arap-emirliklerine-vardi","status":"publish","type":"post","link":"https:\/\/archive.sana.sy\/tr\/?p=324922","title":{"rendered":"Cumhurba\u015fkan\u0131 El \u015eara Ekonomiyi Ve Yat\u0131r\u0131m\u0131 Sa\u011flamla\u015ft\u0131rmak \u0130\u00e7in \u0130kinci K\u00f6rfez Turuna Ba\u015fl\u0131yor"},"content":{"rendered":"<p style=\"text-align: justify;\"><span style=\"color: #ff0000;\"><strong>ABU DAB\u0130 (SANA)<\/strong><\/span> &#8211; Cumhurba\u015fkan\u0131 Say\u0131n Ahmed El \u015eara, Suriye&#8217;ye uygulanan uluslararas\u0131 yapt\u0131r\u0131mlar\u0131n \u00e7o\u011funun kald\u0131r\u0131lmas\u0131n\u0131n ard\u0131ndan gelen ikinci K\u00f6rfez \u0130\u015fbirli\u011fi Konseyi (GCC) \u00fclkeleri turuna ba\u015flad\u0131.<\/p>\n<p style=\"text-align: justify;\">Bu tur, kapsaml\u0131 bir yeniden yap\u0131lanma ve ekonomik kalk\u0131nma plan\u0131n\u0131n par\u00e7as\u0131 olarak ekonomik i\u015f birli\u011fini art\u0131rmay\u0131 ve K\u00f6rfez yat\u0131r\u0131mlar\u0131n\u0131 Suriye&#8217;ye \u00e7ekmeyi ama\u00e7l\u0131yor.<\/p>\n<p style=\"text-align: justify;\">Ziyaretin ilk dura\u011f\u0131, Birle\u015fik Arap Emirlikleri Ba\u015fkan\u0131 \u015eeyh Muhammed bin Zayid Al Nahyan&#8217;\u0131n Cumhurba\u015fkan\u0131 El \u015eara&#8217;y\u0131 kabul etti\u011fi BAE ba\u015fkenti Abu Dabi oldu.<\/p>\n<p style=\"text-align: justify;\">\u0130ki taraf aras\u0131nda ekonomik ve kalk\u0131nma i\u015f birli\u011fini art\u0131rma ve sava\u015f sonras\u0131 d\u00f6nemde Suriye&#8217;nin \u00e7abalar\u0131n\u0131 destekleme yollar\u0131n\u0131 g\u00f6r\u00fc\u015fmek \u00fczere resmi bir g\u00f6r\u00fc\u015fme yap\u0131ld\u0131.<\/p>\n<p style=\"text-align: justify;\">Cumhurba\u015fkan\u0131 El \u015eara g\u00f6r\u00fc\u015fmede, sava\u015f ve b\u00f6l\u00fcnmeyi geride b\u0131rakan Suriye&#8217;nin K\u00f6rfez karde\u015fleriyle stratejik ortakl\u0131klar kurmaya do\u011fru ilerledi\u011fini vurgulayarak, BAE&#8217;nin b\u00f6lgesel istikrar\u0131 desteklemedeki \u00f6nc\u00fc rol\u00fcn\u00fc \u00f6vd\u00fc ve Suriye&#8217;nin, BAE&#8217;nin s\u00fcrd\u00fcr\u00fclebilir kalk\u0131nma, dijital d\u00f6n\u00fc\u015f\u00fcm ve temiz enerji alanlar\u0131ndaki deneyiminden yararlanma iste\u011fini dile getirdi.<\/p>\n<p style=\"text-align: justify;\">\u015eeyh Muhammed bin Zayed ise Cumhurba\u015fkan\u0131 El \u015eara&#8217;n\u0131n ziyaretini memnuniyetle kar\u015f\u0131layarak, BAE&#8217;nin Suriye&#8217;deki istikrar ve yeniden yap\u0131lanma \u00e7abalar\u0131na tam deste\u011fini ve \u00f6zellikle yat\u0131r\u0131m, altyap\u0131 ve teknoloji olmak \u00fczere \u00e7e\u015fitli alanlarda ikili i\u015f birli\u011fini g\u00fc\u00e7lendirme taahh\u00fcd\u00fcn\u00fc vurgulad\u0131.<\/p>\n","protected":false},"excerpt":{"rendered":"<p>ABU DAB\u0130 (SANA) &#8211; Cumhurba\u015fkan\u0131 Say\u0131n Ahmed El \u015eara, Suriye&#8217;ye uygulanan uluslararas\u0131 yapt\u0131r\u0131mlar\u0131n \u00e7o\u011funun kald\u0131r\u0131lmas\u0131n\u0131n ard\u0131ndan gelen ikinci K\u00f6rfez \u0130\u015fbirli\u011fi Konseyi (GCC) \u00fclkeleri turuna ba\u015flad\u0131. Bu tur, kapsaml\u0131 bir yeniden yap\u0131lanma ve ekonomik kalk\u0131nma plan\u0131n\u0131n par\u00e7as\u0131 olarak ekonomik i\u015f birli\u011fini art\u0131rmay\u0131 ve K\u00f6rfez yat\u0131r\u0131mlar\u0131n\u0131 Suriye&#8217;ye \u00e7ekmeyi ama\u00e7l\u0131yor. Ziyaretin ilk dura\u011f\u0131, Birle\u015fik Arap Emirlikleri Ba\u015fkan\u0131 \u015eeyh &hellip;<\/p>\n","protected":false},"author":41,"featured_media":324924,"comment_status":"closed","ping_status":"closed","sticky":false,"template":"","format":"standard","meta":{"footnotes":""},"categories":[606,605,17988],"tags":[],"class_list":["post-324922","post","type-post","status-publish","format-standard","has-post-thumbnail","","category-cumhurbaskani","category-sayin-cumhurbaskani","category-son-haberler"],"_links":{"self":[{"href":"https:\/\/archive.sana.sy\/tr\/index.php?rest_route=\/wp\/v2\/posts\/324922","targetHints":{"allow":["GET"]}}],"collection":[{"href":"https:\/\/archive.sana.sy\/tr\/index.php?rest_route=\/wp\/v2\/posts"}],"about":[{"href":"https:\/\/archive.sana.sy\/tr\/index.php?rest_route=\/wp\/v2\/types\/post"}],"author":[{"embeddable":true,"href":"https:\/\/archive.sana.sy\/tr\/index.php?rest_route=\/wp\/v2\/users\/41"}],"replies":[{"embeddable":true,"href":"https:\/\/archive.sana.sy\/tr\/index.php?rest_route=%2Fwp%2Fv2%2Fcomments&post=324922"}],"version-history":[{"count":4,"href":"https:\/\/archive.sana.sy\/tr\/index.php?rest_route=\/wp\/v2\/posts\/324922\/revisions"}],"predecessor-version":[{"id":324938,"href":"https:\/\/archive.sana.sy\/tr\/index.php?rest_route=\/wp\/v2\/posts\/324922\/revisions\/324938"}],"wp:featuredmedia":[{"embeddable":true,"href":"https:\/\/archive.sana.sy\/tr\/index.php?rest_route=\/wp\/v2\/media\/324924"}],"wp:attachment":[{"href":"https:\/\/archive.sana.sy\/tr\/index.php?rest_route=%2Fwp%2Fv2%2Fmedia&parent=324922"}],"wp:term":[{"taxonomy":"category","embeddable":true,"href":"https:\/\/archive.sana.sy\/tr\/index.php?rest_route=%2Fwp%2Fv2%2Fcategories&post=324922"},{"taxonomy":"post_tag","embeddable":true,"href":"https:\/\/archive.sana.sy\/tr\/index.php?rest_route=%2Fwp%2Fv2%2Ftags&post=324922"}],"curies":[{"name":"wp","href":"https:\/\/api.w.org\/{rel}","templated":true}]}}