{"id":324926,"date":"2025-07-07T17:48:34","date_gmt":"2025-07-07T14:48:34","guid":{"rendered":"https:\/\/sana.sy\/tr\/?p=324926"},"modified":"2025-07-07T17:49:01","modified_gmt":"2025-07-07T14:49:01","slug":"suriye-havayollari-halep-havalimanindan-dubai-havalimanina-ilk-ucuslarini-baslatti","status":"publish","type":"post","link":"https:\/\/archive.sana.sy\/tr\/?p=324926","title":{"rendered":"Suriye Havayollar\u0131, Halep Havaliman\u0131&#8217;ndan Dubai Havaliman\u0131&#8217;na \u0130lk U\u00e7u\u015flar\u0131n\u0131 Ba\u015flatt\u0131"},"content":{"rendered":"<p style=\"text-align: justify;\"><span style=\"color: #ff0000;\"><strong>\u015eAM (SANA)<\/strong> <\/span>&#8211; Suriye Havayollar\u0131, Halep&#8217;ten BAE g\u00fczergah\u0131na y\u00f6nelik g\u00fc\u00e7l\u00fc talep ortas\u0131nda bug\u00fcn Halep Uluslararas\u0131 Havaliman\u0131&#8217;ndan Dubai Havaliman\u0131&#8217;na ilk u\u00e7u\u015flar\u0131n\u0131 ba\u015flatt\u0131.<\/p>\n<p style=\"text-align: justify;\">Sivil Havac\u0131l\u0131k Genel Otoritesi&#8217;ndeki bir kaynak, SANA muhabirine Halep-Dubai u\u00e7u\u015funun yak\u0131n gelecekte T\u00fcrkiye&#8217;deki \u0130stanbul Havaliman\u0131 ve Libya&#8217;daki Bingazi ve Trablus Havalimanlar\u0131&#8217;n\u0131 da i\u00e7erecek olan yeni destinasyonlara bir dizi u\u00e7u\u015fun ba\u015flang\u0131c\u0131n\u0131 i\u015faret etti\u011fini s\u00f6yledi.<\/p>\n<p style=\"text-align: justify;\">Kaynak, otoritenin, Halep&#8217;i art arda duyurulacak hayati noktalara u\u00e7u\u015flar arac\u0131l\u0131\u011f\u0131yla k\u00fcresel destinasyonlara ba\u011flamay\u0131 hedefleyerek destinasyonlar\u0131n\u0131 art\u0131rmak i\u00e7in \u00e7al\u0131\u015ft\u0131\u011f\u0131n\u0131 a\u00e7\u0131klad\u0131.<\/p>\n","protected":false},"excerpt":{"rendered":"<p>\u015eAM (SANA) &#8211; Suriye Havayollar\u0131, Halep&#8217;ten BAE g\u00fczergah\u0131na y\u00f6nelik g\u00fc\u00e7l\u00fc talep ortas\u0131nda bug\u00fcn Halep Uluslararas\u0131 Havaliman\u0131&#8217;ndan Dubai Havaliman\u0131&#8217;na ilk u\u00e7u\u015flar\u0131n\u0131 ba\u015flatt\u0131. Sivil Havac\u0131l\u0131k Genel Otoritesi&#8217;ndeki bir kaynak, SANA muhabirine Halep-Dubai u\u00e7u\u015funun yak\u0131n gelecekte T\u00fcrkiye&#8217;deki \u0130stanbul Havaliman\u0131 ve Libya&#8217;daki Bingazi ve Trablus Havalimanlar\u0131&#8217;n\u0131 da i\u00e7erecek olan yeni destinasyonlara bir dizi u\u00e7u\u015fun ba\u015flang\u0131c\u0131n\u0131 i\u015faret etti\u011fini s\u00f6yledi. Kaynak, &hellip;<\/p>\n","protected":false},"author":41,"featured_media":324927,"comment_status":"closed","ping_status":"closed","sticky":false,"template":"","format":"standard","meta":{"footnotes":""},"categories":[589,479,17988,478],"tags":[],"class_list":["post-324926","post","type-post","status-publish","format-standard","has-post-thumbnail","","category-haber-seridi","category-haberler-yerel","category-son-haberler","category-yerel"],"_links":{"self":[{"href":"https:\/\/archive.sana.sy\/tr\/index.php?rest_route=\/wp\/v2\/posts\/324926","targetHints":{"allow":["GET"]}}],"collection":[{"href":"https:\/\/archive.sana.sy\/tr\/index.php?rest_route=\/wp\/v2\/posts"}],"about":[{"href":"https:\/\/archive.sana.sy\/tr\/index.php?rest_route=\/wp\/v2\/types\/post"}],"author":[{"embeddable":true,"href":"https:\/\/archive.sana.sy\/tr\/index.php?rest_route=\/wp\/v2\/users\/41"}],"replies":[{"embeddable":true,"href":"https:\/\/archive.sana.sy\/tr\/index.php?rest_route=%2Fwp%2Fv2%2Fcomments&post=324926"}],"version-history":[{"count":2,"href":"https:\/\/archive.sana.sy\/tr\/index.php?rest_route=\/wp\/v2\/posts\/324926\/revisions"}],"predecessor-version":[{"id":324929,"href":"https:\/\/archive.sana.sy\/tr\/index.php?rest_route=\/wp\/v2\/posts\/324926\/revisions\/324929"}],"wp:featuredmedia":[{"embeddable":true,"href":"https:\/\/archive.sana.sy\/tr\/index.php?rest_route=\/wp\/v2\/media\/324927"}],"wp:attachment":[{"href":"https:\/\/archive.sana.sy\/tr\/index.php?rest_route=%2Fwp%2Fv2%2Fmedia&parent=324926"}],"wp:term":[{"taxonomy":"category","embeddable":true,"href":"https:\/\/archive.sana.sy\/tr\/index.php?rest_route=%2Fwp%2Fv2%2Fcategories&post=324926"},{"taxonomy":"post_tag","embeddable":true,"href":"https:\/\/archive.sana.sy\/tr\/index.php?rest_route=%2Fwp%2Fv2%2Ftags&post=324926"}],"curies":[{"name":"wp","href":"https:\/\/api.w.org\/{rel}","templated":true}]}}