{"id":324930,"date":"2025-07-07T18:48:44","date_gmt":"2025-07-07T15:48:44","guid":{"rendered":"https:\/\/sana.sy\/tr\/?p=324930"},"modified":"2025-07-07T18:48:44","modified_gmt":"2025-07-07T15:48:44","slug":"tobb-suriyenin-yeniden-insasina-destek-verecegiz-ve-ozel-sektorunu-canlandiracagiz","status":"publish","type":"post","link":"https:\/\/archive.sana.sy\/tr\/?p=324930","title":{"rendered":"TOBB: Suriye&#8217;nin Yeniden \u0130n\u015fas\u0131na Destek Verece\u011fiz ve \u00d6zel Sekt\u00f6r\u00fcn\u00fc Canland\u0131raca\u011f\u0131z"},"content":{"rendered":"<p style=\"text-align: justify;\"><span style=\"color: #ff0000;\"><strong>ANKARA (SANA)<\/strong><\/span> &#8211; T\u00fcrkiye Odalar ve Borsalar Birli\u011fi (TOBB) Ba\u015fkan\u0131 Rifat Hisarc\u0131kl\u0131o\u011flu, birli\u011fin Suriye&#8217;nin yeniden in\u015fas\u0131na destek olmak ve \u00f6zel sekt\u00f6r\u00fc ile giri\u015fimcili\u011fini canland\u0131rmak i\u00e7in \u00e7al\u0131\u015faca\u011f\u0131n\u0131 duyurdu.<\/p>\n<p style=\"text-align: justify;\">Anadolu Ajans\u0131, Hisarc\u0131kl\u0131o\u011flu&#8217;nun bug\u00fcn \u0130zmir&#8217;de d\u00fczenlenen T\u00fcrk-Arap Ticaret Odas\u0131 ve \u0130\u015f Forumu Y\u00f6netim Kurulu toplant\u0131s\u0131nda \u015funlar\u0131 s\u00f6yledi\u011fini aktard\u0131: &#8220;Suriye&#8217;de normale d\u00f6nme s\u00fcrecini yak\u0131ndan takip ediyoruz. T\u00fcrkiye Odalar ve Borsalar Birli\u011fi olarak \u00fc\u00e7 g\u00fcn i\u00e7inde \u015eam&#8217;a giderek Suriye&#8217;nin yeniden in\u015fas\u0131na destek olmak ve \u00f6zel sekt\u00f6r\u00fc ile giri\u015fimcili\u011fini canland\u0131rmak i\u00e7in \u00e7al\u0131\u015faca\u011f\u0131z.&#8221;<\/p>\n<p style=\"text-align: justify;\">Hisarc\u0131kl\u0131o\u011flu ayr\u0131ca, Avrupa Birli\u011fi ve ABD&#8217;nin Suriye&#8217;ye y\u00f6nelik ekonomik yapt\u0131r\u0131mlar\u0131 kald\u0131rma karar\u0131n\u0131n \u00fclkedeki ekonomik kalk\u0131nman\u0131n h\u0131zlanmas\u0131na katk\u0131da bulunaca\u011f\u0131n\u0131 belirtti.<\/p>\n<p style=\"text-align: justify;\">T\u00fcrkiye Odalar ve Borsalar Birli\u011fi Ba\u015fkan\u0131, Arap Odalar Birli\u011fi Ba\u015fkan\u0131, Arap Odalar Birli\u011fi Genel Sekreteri ve 15 Arap \u00fclkesinden 100&#8217;\u00fc a\u015fk\u0131n i\u015fadam\u0131n\u0131n da kat\u0131ld\u0131\u011f\u0131 toplant\u0131da, i\u015fadamlar\u0131 ve b\u00fcy\u00fckel\u00e7ileri a\u011f\u0131rlamaktan duydu\u011fu memnuniyeti de dile getirdi.<\/p>\n","protected":false},"excerpt":{"rendered":"<p>ANKARA (SANA) &#8211; T\u00fcrkiye Odalar ve Borsalar Birli\u011fi (TOBB) Ba\u015fkan\u0131 Rifat Hisarc\u0131kl\u0131o\u011flu, birli\u011fin Suriye&#8217;nin yeniden in\u015fas\u0131na destek olmak ve \u00f6zel sekt\u00f6r\u00fc ile giri\u015fimcili\u011fini canland\u0131rmak i\u00e7in \u00e7al\u0131\u015faca\u011f\u0131n\u0131 duyurdu. Anadolu Ajans\u0131, Hisarc\u0131kl\u0131o\u011flu&#8217;nun bug\u00fcn \u0130zmir&#8217;de d\u00fczenlenen T\u00fcrk-Arap Ticaret Odas\u0131 ve \u0130\u015f Forumu Y\u00f6netim Kurulu toplant\u0131s\u0131nda \u015funlar\u0131 s\u00f6yledi\u011fini aktard\u0131: &#8220;Suriye&#8217;de normale d\u00f6nme s\u00fcrecini yak\u0131ndan takip ediyoruz. T\u00fcrkiye Odalar ve &hellip;<\/p>\n","protected":false},"author":41,"featured_media":324931,"comment_status":"closed","ping_status":"closed","sticky":false,"template":"","format":"standard","meta":{"footnotes":""},"categories":[485,589,486,17988,2554,2555],"tags":[],"class_list":["post-324930","post","type-post","status-publish","format-standard","has-post-thumbnail","","category-is-ve-sermaye","category-haber-seridi","category-haberler-is-ve-sermaye","category-son-haberler","category-suriye-ve-dunya","category-suriye-ve-turkiye"],"_links":{"self":[{"href":"https:\/\/archive.sana.sy\/tr\/index.php?rest_route=\/wp\/v2\/posts\/324930","targetHints":{"allow":["GET"]}}],"collection":[{"href":"https:\/\/archive.sana.sy\/tr\/index.php?rest_route=\/wp\/v2\/posts"}],"about":[{"href":"https:\/\/archive.sana.sy\/tr\/index.php?rest_route=\/wp\/v2\/types\/post"}],"author":[{"embeddable":true,"href":"https:\/\/archive.sana.sy\/tr\/index.php?rest_route=\/wp\/v2\/users\/41"}],"replies":[{"embeddable":true,"href":"https:\/\/archive.sana.sy\/tr\/index.php?rest_route=%2Fwp%2Fv2%2Fcomments&post=324930"}],"version-history":[{"count":1,"href":"https:\/\/archive.sana.sy\/tr\/index.php?rest_route=\/wp\/v2\/posts\/324930\/revisions"}],"predecessor-version":[{"id":324932,"href":"https:\/\/archive.sana.sy\/tr\/index.php?rest_route=\/wp\/v2\/posts\/324930\/revisions\/324932"}],"wp:featuredmedia":[{"embeddable":true,"href":"https:\/\/archive.sana.sy\/tr\/index.php?rest_route=\/wp\/v2\/media\/324931"}],"wp:attachment":[{"href":"https:\/\/archive.sana.sy\/tr\/index.php?rest_route=%2Fwp%2Fv2%2Fmedia&parent=324930"}],"wp:term":[{"taxonomy":"category","embeddable":true,"href":"https:\/\/archive.sana.sy\/tr\/index.php?rest_route=%2Fwp%2Fv2%2Fcategories&post=324930"},{"taxonomy":"post_tag","embeddable":true,"href":"https:\/\/archive.sana.sy\/tr\/index.php?rest_route=%2Fwp%2Fv2%2Ftags&post=324930"}],"curies":[{"name":"wp","href":"https:\/\/api.w.org\/{rel}","templated":true}]}}