{"id":324940,"date":"2025-07-08T10:58:41","date_gmt":"2025-07-08T07:58:41","guid":{"rendered":"https:\/\/sana.sy\/tr\/?p=324940"},"modified":"2025-07-08T15:16:47","modified_gmt":"2025-07-08T12:16:47","slug":"samda-2025-yaz-kulubu-festivali-acildi","status":"publish","type":"post","link":"https:\/\/archive.sana.sy\/tr\/?p=324940","title":{"rendered":"\u015eam&#8217;da 2025 Yaz Kul\u00fcb\u00fc Festivali A\u00e7\u0131ld\u0131"},"content":{"rendered":"<p style=\"text-align: justify;\"><span style=\"color: #ff0000;\"><strong>\u015eAM (SANA)<\/strong><\/span> &#8211;\u00a0 Suriye K\u00fclt\u00fcr Bakan\u0131 Muhammed Yasin Salih ve \u015eam Valisi Mahir Mervan, &#8220;\u015eam Haz\u0131rlan\u0131yor&#8221; giri\u015fiminin bir par\u00e7as\u0131 olarak 2025 Yaz Kul\u00fcp Festivali&#8217;ni a\u00e7t\u0131.<\/p>\n<p style=\"text-align: justify;\">\u015eam&#8217;\u0131n Kafirsuse b\u00f6lgesindeki Valilik Spor, K\u00fclt\u00fcr ve Sosyal Kul\u00fcb\u00fc&#8217;nde d\u00fczenlenen festival, vilayetin spor ve k\u00fclt\u00fcrel faaliyetleri te\u015fvik etme ve \u00e7ocuklar\u0131n, ergenlerin ve gen\u00e7lerin enerjilerini desteklemek i\u00e7in uyar\u0131c\u0131 bir ortam yaratma taahh\u00fcd\u00fcn\u00fcn bir par\u00e7as\u0131d\u0131r.<\/p>\n<p style=\"text-align: justify;\">Festivalde Suriye illerini temsil eden resim ve heykel sergisinin yan\u0131 s\u0131ra karate, tekvando, jimnastik, bisiklet, ok\u00e7uluk gibi spor etkinliklerinin yan\u0131 s\u0131ra engellilere y\u00f6nelik futbol, \u200b\u200bbasketbol gibi \u00e7e\u015fitli spor dallar\u0131 da yer ald\u0131.<\/p>\n<p style=\"text-align: justify;\"><img loading=\"lazy\" decoding=\"async\" class=\"size-medium wp-image-324947 alignright\" src=\"http:\/\/sana.sy\/tr\/wp-content\/uploads\/2025\/07\/1-5-300x168.png\" alt=\"\" width=\"300\" height=\"168\" srcset=\"https:\/\/archive.sana.sy\/tr\/wp-content\/uploads\/2025\/07\/1-5-300x168.png 300w, https:\/\/archive.sana.sy\/tr\/wp-content\/uploads\/2025\/07\/1-5.png 660w\" sizes=\"auto, (max-width: 300px) 100vw, 300px\" \/>\u015eam Valisi a\u00e7\u0131l\u0131\u015f konu\u015fmas\u0131nda, &#8220;\u015eam Haz\u0131rlan\u0131yor&#8221; etkinli\u011finin sadece bir spor etkinli\u011fi olmad\u0131\u011f\u0131n\u0131, bunun yerine kapsaml\u0131 bir k\u00fclt\u00fcrel, sportif, k\u00fclt\u00fcrel ve sosyal proje oldu\u011funu vurgularken, sporun bir i\u015fbirli\u011fi, disiplin ve k\u00fclt\u00fcr ruhu a\u015f\u0131lad\u0131\u011f\u0131n\u0131, zihinleri ve toplum giri\u015fimlerini canland\u0131rd\u0131\u011f\u0131n\u0131 ve nesilleri bir aidiyet duygusu vermeye ve hissetmeye motive etti\u011fini belirtti.<\/p>\n<p style=\"text-align: justify;\">Mervan, etkinli\u011fin ba\u015fl\u0131\u011f\u0131n\u0131n irade ve kararl\u0131l\u0131\u011f\u0131 \u00f6zetledi\u011fini ve antik \u015eam \u015fehrinin ihti\u015fam\u0131n\u0131 geri kazand\u0131rmak ve gen\u00e7li\u011finin enerjilerini spor, k\u00fclt\u00fcr ve toplum giri\u015fimleri alanlar\u0131nda serbest b\u0131rakmak i\u00e7in s\u0131k\u0131 bir \u00e7al\u0131\u015fma evresini ifade etti\u011fini belirtirken, \u015eam halk\u0131n\u0131 ve sakinlerini, ba\u015fkentin ihti\u015fam\u0131n\u0131 geri kazanabilmesi, yeteneklerin geli\u015febilmesi ve tak\u0131mlar\u0131n ve giri\u015fimlerin en g\u00fczel \u015fekilde rekabet edebilmesi i\u00e7in yeni bir ger\u00e7ekli\u011fin \u015fekillendirilmesine aktif olarak kat\u0131lmaya ve katk\u0131da bulunmaya \u00e7a\u011f\u0131rd\u0131.<\/p>\n<p style=\"text-align: justify;\">Vali, valilikteki kul\u00fcp tesisinin eski rejim d\u00f6neminde y\u0131llarca ihmal ve zay\u0131fl\u0131ktan muzdarip oldu\u011funu belirtirken, bug\u00fcn, teknik ve idari personelin samimi \u00e7abalar\u0131 sayesinde yetenek, enerji ve gen\u00e7lik i\u00e7in ho\u015f bir kulu\u00e7ka makinesi haline geldi\u011fini vurgulad\u0131.<\/p>\n<p style=\"text-align: justify;\"><img loading=\"lazy\" decoding=\"async\" class=\"size-medium wp-image-324948 alignright\" src=\"http:\/\/sana.sy\/tr\/wp-content\/uploads\/2025\/07\/2-2-300x168.png\" alt=\"\" width=\"300\" height=\"168\" srcset=\"https:\/\/archive.sana.sy\/tr\/wp-content\/uploads\/2025\/07\/2-2-300x168.png 300w, https:\/\/archive.sana.sy\/tr\/wp-content\/uploads\/2025\/07\/2-2.png 660w\" sizes=\"auto, (max-width: 300px) 100vw, 300px\" \/>K\u00fclt\u00fcr Bakan\u0131 ise Suriye&#8217;nin k\u00fclt\u00fcrel ve medeniyetsel konumunun halk\u0131na ve kararl\u0131, diren\u00e7li halk\u0131na yak\u0131\u015f\u0131r bir \u015fekilde yeniden konumland\u0131r\u0131laca\u011f\u0131n\u0131 belirtirken, bakanl\u0131\u011f\u0131n t\u00fcm devlet tesislerinde ve kurumlar\u0131nda varl\u0131\u011f\u0131n\u0131 sa\u011flamaya kararl\u0131 oldu\u011funu s\u00f6zlerine ekledi.<\/p>\n<p style=\"text-align: justify;\">K\u00fclt\u00fcr Bakan\u0131 ayr\u0131ca, bu t\u00fcr etkinliklerde k\u00fclt\u00fcrel \u00e7al\u0131\u015fman\u0131n \u00f6z\u00fcn\u00fcn, bireylerin \u00fclkelerinin in\u015fas\u0131na ve yeniden do\u011fu\u015funa katk\u0131da bulunmalar\u0131n\u0131 sa\u011flamak oldu\u011funu a\u00e7\u0131klad\u0131.<\/p>\n<div id='gallery-1' class='gallery galleryid-324940 gallery-columns-3 gallery-size-full'><figure class='gallery-item'>\n\t\t\t<div class='gallery-icon landscape'>\n\t\t\t\t<a href='https:\/\/archive.sana.sy\/tr\/wp-content\/uploads\/2025\/07\/2L3A2022-1-scaled-1.jpg'><img loading=\"lazy\" decoding=\"async\" width=\"2560\" height=\"1659\" src=\"https:\/\/archive.sana.sy\/tr\/wp-content\/uploads\/2025\/07\/2L3A2022-1-scaled-1.jpg\" class=\"attachment-full size-full\" alt=\"\" srcset=\"https:\/\/archive.sana.sy\/tr\/wp-content\/uploads\/2025\/07\/2L3A2022-1-scaled-1.jpg 2560w, https:\/\/archive.sana.sy\/tr\/wp-content\/uploads\/2025\/07\/2L3A2022-1-scaled-1-300x194.jpg 300w, https:\/\/archive.sana.sy\/tr\/wp-content\/uploads\/2025\/07\/2L3A2022-1-scaled-1-1024x664.jpg 1024w, https:\/\/archive.sana.sy\/tr\/wp-content\/uploads\/2025\/07\/2L3A2022-1-scaled-1-768x498.jpg 768w, https:\/\/archive.sana.sy\/tr\/wp-content\/uploads\/2025\/07\/2L3A2022-1-scaled-1-1536x995.jpg 1536w, https:\/\/archive.sana.sy\/tr\/wp-content\/uploads\/2025\/07\/2L3A2022-1-scaled-1-2048x1327.jpg 2048w\" sizes=\"auto, (max-width: 2560px) 100vw, 2560px\" \/><\/a>\n\t\t\t<\/div><\/figure><figure class='gallery-item'>\n\t\t\t<div class='gallery-icon landscape'>\n\t\t\t\t<a href='https:\/\/archive.sana.sy\/tr\/wp-content\/uploads\/2025\/07\/2L3A2094-1-scaled-1.jpg'><img loading=\"lazy\" decoding=\"async\" width=\"2560\" height=\"1549\" src=\"https:\/\/archive.sana.sy\/tr\/wp-content\/uploads\/2025\/07\/2L3A2094-1-scaled-1.jpg\" class=\"attachment-full size-full\" alt=\"\" srcset=\"https:\/\/archive.sana.sy\/tr\/wp-content\/uploads\/2025\/07\/2L3A2094-1-scaled-1.jpg 2560w, https:\/\/archive.sana.sy\/tr\/wp-content\/uploads\/2025\/07\/2L3A2094-1-scaled-1-300x182.jpg 300w, https:\/\/archive.sana.sy\/tr\/wp-content\/uploads\/2025\/07\/2L3A2094-1-scaled-1-1024x620.jpg 1024w, https:\/\/archive.sana.sy\/tr\/wp-content\/uploads\/2025\/07\/2L3A2094-1-scaled-1-768x465.jpg 768w, https:\/\/archive.sana.sy\/tr\/wp-content\/uploads\/2025\/07\/2L3A2094-1-scaled-1-1536x929.jpg 1536w, https:\/\/archive.sana.sy\/tr\/wp-content\/uploads\/2025\/07\/2L3A2094-1-scaled-1-2048x1239.jpg 2048w\" sizes=\"auto, (max-width: 2560px) 100vw, 2560px\" \/><\/a>\n\t\t\t<\/div><\/figure><figure class='gallery-item'>\n\t\t\t<div class='gallery-icon landscape'>\n\t\t\t\t<a href='https:\/\/archive.sana.sy\/tr\/wp-content\/uploads\/2025\/07\/2L3A2136-1-scaled-1.jpg'><img loading=\"lazy\" decoding=\"async\" width=\"2560\" height=\"1576\" src=\"https:\/\/archive.sana.sy\/tr\/wp-content\/uploads\/2025\/07\/2L3A2136-1-scaled-1.jpg\" class=\"attachment-full size-full\" alt=\"\" srcset=\"https:\/\/archive.sana.sy\/tr\/wp-content\/uploads\/2025\/07\/2L3A2136-1-scaled-1.jpg 2560w, https:\/\/archive.sana.sy\/tr\/wp-content\/uploads\/2025\/07\/2L3A2136-1-scaled-1-300x185.jpg 300w, https:\/\/archive.sana.sy\/tr\/wp-content\/uploads\/2025\/07\/2L3A2136-1-scaled-1-1024x630.jpg 1024w, https:\/\/archive.sana.sy\/tr\/wp-content\/uploads\/2025\/07\/2L3A2136-1-scaled-1-768x473.jpg 768w, https:\/\/archive.sana.sy\/tr\/wp-content\/uploads\/2025\/07\/2L3A2136-1-scaled-1-1536x946.jpg 1536w, https:\/\/archive.sana.sy\/tr\/wp-content\/uploads\/2025\/07\/2L3A2136-1-scaled-1-2048x1261.jpg 2048w\" sizes=\"auto, (max-width: 2560px) 100vw, 2560px\" \/><\/a>\n\t\t\t<\/div><\/figure><figure class='gallery-item'>\n\t\t\t<div class='gallery-icon landscape'>\n\t\t\t\t<a href='https:\/\/archive.sana.sy\/tr\/wp-content\/uploads\/2025\/07\/2L3A2288-1-scaled-1.jpg'><img loading=\"lazy\" decoding=\"async\" width=\"2560\" height=\"1685\" src=\"https:\/\/archive.sana.sy\/tr\/wp-content\/uploads\/2025\/07\/2L3A2288-1-scaled-1.jpg\" class=\"attachment-full size-full\" alt=\"\" srcset=\"https:\/\/archive.sana.sy\/tr\/wp-content\/uploads\/2025\/07\/2L3A2288-1-scaled-1.jpg 2560w, https:\/\/archive.sana.sy\/tr\/wp-content\/uploads\/2025\/07\/2L3A2288-1-scaled-1-300x197.jpg 300w, https:\/\/archive.sana.sy\/tr\/wp-content\/uploads\/2025\/07\/2L3A2288-1-scaled-1-1024x674.jpg 1024w, https:\/\/archive.sana.sy\/tr\/wp-content\/uploads\/2025\/07\/2L3A2288-1-scaled-1-768x506.jpg 768w, https:\/\/archive.sana.sy\/tr\/wp-content\/uploads\/2025\/07\/2L3A2288-1-scaled-1-1536x1011.jpg 1536w, https:\/\/archive.sana.sy\/tr\/wp-content\/uploads\/2025\/07\/2L3A2288-1-scaled-1-2048x1348.jpg 2048w, https:\/\/archive.sana.sy\/tr\/wp-content\/uploads\/2025\/07\/2L3A2288-1-scaled-1-310x205.jpg 310w\" sizes=\"auto, (max-width: 2560px) 100vw, 2560px\" \/><\/a>\n\t\t\t<\/div><\/figure><figure class='gallery-item'>\n\t\t\t<div class='gallery-icon landscape'>\n\t\t\t\t<a href='https:\/\/archive.sana.sy\/tr\/wp-content\/uploads\/2025\/07\/2L3A2393-1-scaled-1.jpg'><img loading=\"lazy\" decoding=\"async\" width=\"2560\" height=\"1498\" src=\"https:\/\/archive.sana.sy\/tr\/wp-content\/uploads\/2025\/07\/2L3A2393-1-scaled-1.jpg\" class=\"attachment-full size-full\" alt=\"\" srcset=\"https:\/\/archive.sana.sy\/tr\/wp-content\/uploads\/2025\/07\/2L3A2393-1-scaled-1.jpg 2560w, https:\/\/archive.sana.sy\/tr\/wp-content\/uploads\/2025\/07\/2L3A2393-1-scaled-1-300x176.jpg 300w, https:\/\/archive.sana.sy\/tr\/wp-content\/uploads\/2025\/07\/2L3A2393-1-scaled-1-1024x599.jpg 1024w, https:\/\/archive.sana.sy\/tr\/wp-content\/uploads\/2025\/07\/2L3A2393-1-scaled-1-768x449.jpg 768w, https:\/\/archive.sana.sy\/tr\/wp-content\/uploads\/2025\/07\/2L3A2393-1-scaled-1-1536x899.jpg 1536w, https:\/\/archive.sana.sy\/tr\/wp-content\/uploads\/2025\/07\/2L3A2393-1-scaled-1-2048x1198.jpg 2048w\" sizes=\"auto, (max-width: 2560px) 100vw, 2560px\" \/><\/a>\n\t\t\t<\/div><\/figure><figure class='gallery-item'>\n\t\t\t<div class='gallery-icon landscape'>\n\t\t\t\t<a href='https:\/\/archive.sana.sy\/tr\/wp-content\/uploads\/2025\/07\/2L3A2437-scaled-1.jpg'><img loading=\"lazy\" decoding=\"async\" width=\"2560\" height=\"1660\" src=\"https:\/\/archive.sana.sy\/tr\/wp-content\/uploads\/2025\/07\/2L3A2437-scaled-1.jpg\" class=\"attachment-full size-full\" alt=\"\" srcset=\"https:\/\/archive.sana.sy\/tr\/wp-content\/uploads\/2025\/07\/2L3A2437-scaled-1.jpg 2560w, https:\/\/archive.sana.sy\/tr\/wp-content\/uploads\/2025\/07\/2L3A2437-scaled-1-300x195.jpg 300w, https:\/\/archive.sana.sy\/tr\/wp-content\/uploads\/2025\/07\/2L3A2437-scaled-1-1024x664.jpg 1024w, https:\/\/archive.sana.sy\/tr\/wp-content\/uploads\/2025\/07\/2L3A2437-scaled-1-768x498.jpg 768w, https:\/\/archive.sana.sy\/tr\/wp-content\/uploads\/2025\/07\/2L3A2437-scaled-1-1536x996.jpg 1536w, https:\/\/archive.sana.sy\/tr\/wp-content\/uploads\/2025\/07\/2L3A2437-scaled-1-2048x1328.jpg 2048w\" sizes=\"auto, (max-width: 2560px) 100vw, 2560px\" \/><\/a>\n\t\t\t<\/div><\/figure>\n\t\t<\/div>\n\n","protected":false},"excerpt":{"rendered":"<p>\u015eAM (SANA) &#8211;\u00a0 Suriye K\u00fclt\u00fcr Bakan\u0131 Muhammed Yasin Salih ve \u015eam Valisi Mahir Mervan, &#8220;\u015eam Haz\u0131rlan\u0131yor&#8221; giri\u015fiminin bir par\u00e7as\u0131 olarak 2025 Yaz Kul\u00fcp Festivali&#8217;ni a\u00e7t\u0131. \u015eam&#8217;\u0131n Kafirsuse b\u00f6lgesindeki Valilik Spor, K\u00fclt\u00fcr ve Sosyal Kul\u00fcb\u00fc&#8217;nde d\u00fczenlenen festival, vilayetin spor ve k\u00fclt\u00fcrel faaliyetleri te\u015fvik etme ve \u00e7ocuklar\u0131n, ergenlerin ve gen\u00e7lerin enerjilerini desteklemek i\u00e7in uyar\u0131c\u0131 bir ortam yaratma &hellip;<\/p>\n","protected":false},"author":36,"featured_media":324944,"comment_status":"closed","ping_status":"closed","sticky":false,"template":"","format":"standard","meta":{"footnotes":""},"categories":[596,589,479,17988,478],"tags":[],"class_list":["post-324940","post","type-post","status-publish","format-standard","has-post-thumbnail","","category-fotografli-raporlar","category-haber-seridi","category-haberler-yerel","category-son-haberler","category-yerel"],"_links":{"self":[{"href":"https:\/\/archive.sana.sy\/tr\/index.php?rest_route=\/wp\/v2\/posts\/324940","targetHints":{"allow":["GET"]}}],"collection":[{"href":"https:\/\/archive.sana.sy\/tr\/index.php?rest_route=\/wp\/v2\/posts"}],"about":[{"href":"https:\/\/archive.sana.sy\/tr\/index.php?rest_route=\/wp\/v2\/types\/post"}],"author":[{"embeddable":true,"href":"https:\/\/archive.sana.sy\/tr\/index.php?rest_route=\/wp\/v2\/users\/36"}],"replies":[{"embeddable":true,"href":"https:\/\/archive.sana.sy\/tr\/index.php?rest_route=%2Fwp%2Fv2%2Fcomments&post=324940"}],"version-history":[{"count":3,"href":"https:\/\/archive.sana.sy\/tr\/index.php?rest_route=\/wp\/v2\/posts\/324940\/revisions"}],"predecessor-version":[{"id":324981,"href":"https:\/\/archive.sana.sy\/tr\/index.php?rest_route=\/wp\/v2\/posts\/324940\/revisions\/324981"}],"wp:featuredmedia":[{"embeddable":true,"href":"https:\/\/archive.sana.sy\/tr\/index.php?rest_route=\/wp\/v2\/media\/324944"}],"wp:attachment":[{"href":"https:\/\/archive.sana.sy\/tr\/index.php?rest_route=%2Fwp%2Fv2%2Fmedia&parent=324940"}],"wp:term":[{"taxonomy":"category","embeddable":true,"href":"https:\/\/archive.sana.sy\/tr\/index.php?rest_route=%2Fwp%2Fv2%2Fcategories&post=324940"},{"taxonomy":"post_tag","embeddable":true,"href":"https:\/\/archive.sana.sy\/tr\/index.php?rest_route=%2Fwp%2Fv2%2Ftags&post=324940"}],"curies":[{"name":"wp","href":"https:\/\/api.w.org\/{rel}","templated":true}]}}