{"id":324951,"date":"2025-07-08T12:16:47","date_gmt":"2025-07-08T09:16:47","guid":{"rendered":"https:\/\/sana.sy\/tr\/?p=324951"},"modified":"2025-07-08T15:18:32","modified_gmt":"2025-07-08T12:18:32","slug":"humus-ic-guvenlik-mudurlugu-suclu-tuggeneral-riad-hamdo-el-sehadeyi-tutukladi","status":"publish","type":"post","link":"https:\/\/archive.sana.sy\/tr\/?p=324951","title":{"rendered":"Humus \u0130\u00e7 G\u00fcvenlik M\u00fcd\u00fcrl\u00fc\u011f\u00fc, Su\u00e7lu Tu\u011fgeneral Riyad Hamdo El \u015eehade&#8217;yi Tutuklad\u0131"},"content":{"rendered":"<p style=\"text-align: justify;\"><span style=\"color: #ff0000;\"><strong>\u00a0HUMUS (SANA)<\/strong><\/span> &#8211;\u00a0 Humus k\u0131rsal\u0131na ba\u011fl\u0131 Talkalah b\u00f6lgesindeki \u0130\u00e7 G\u00fcvenlik M\u00fcd\u00fcrl\u00fc\u011f\u00fc, devrik rejim d\u00f6neminde bir\u00e7ok vilayetteki Siyasi G\u00fcvenlik M\u00fcd\u00fcrl\u00fc\u011f\u00fc b\u00fcnyesinde \u00e7e\u015fitli g\u00f6revlerde bulunan, sonuncusu \u015eam&#8217;daki Siyasi G\u00fcvenlik \u015eubesi ba\u015fkan\u0131 olan su\u00e7lu Tu\u011fgeneral Riyad Hamdo El \u015eehade&#8217;yi tutuklad\u0131.<\/p>\n<p style=\"text-align: justify;\">\u0130\u00e7i\u015fleri Bakanl\u0131\u011f\u0131, Telegram kanal\u0131nda yapt\u0131\u011f\u0131 a\u00e7\u0131klamada \u015fu ifadelere yer verildi: &#8221;Su\u00e7lu Tu\u011fgeneral Riad Hamdo El \u015eehade&#8217;nin Suriye halk\u0131na kar\u015f\u0131 sava\u015f su\u00e7lar\u0131 i\u015fledi\u011fini, kad\u0131nlar da dahil olmak \u00fczere y\u00fczlerce isyanc\u0131n\u0131n tasfiye edilmesinin yan\u0131 s\u0131ra keyfi tutuklamalar yapt\u0131\u011f\u0131n\u0131 ilan ederek, gerekli yasal i\u015flem i\u00e7in yetkili yarg\u0131ya sevk edildi.&#8221;<\/p>\n<p style=\"text-align: justify;\">\n","protected":false},"excerpt":{"rendered":"<p>\u00a0HUMUS (SANA) &#8211;\u00a0 Humus k\u0131rsal\u0131na ba\u011fl\u0131 Talkalah b\u00f6lgesindeki \u0130\u00e7 G\u00fcvenlik M\u00fcd\u00fcrl\u00fc\u011f\u00fc, devrik rejim d\u00f6neminde bir\u00e7ok vilayetteki Siyasi G\u00fcvenlik M\u00fcd\u00fcrl\u00fc\u011f\u00fc b\u00fcnyesinde \u00e7e\u015fitli g\u00f6revlerde bulunan, sonuncusu \u015eam&#8217;daki Siyasi G\u00fcvenlik \u015eubesi ba\u015fkan\u0131 olan su\u00e7lu Tu\u011fgeneral Riyad Hamdo El \u015eehade&#8217;yi tutuklad\u0131. \u0130\u00e7i\u015fleri Bakanl\u0131\u011f\u0131, Telegram kanal\u0131nda yapt\u0131\u011f\u0131 a\u00e7\u0131klamada \u015fu ifadelere yer verildi: &#8221;Su\u00e7lu Tu\u011fgeneral Riad Hamdo El \u015eehade&#8217;nin Suriye halk\u0131na &hellip;<\/p>\n","protected":false},"author":36,"featured_media":324954,"comment_status":"closed","ping_status":"closed","sticky":false,"template":"","format":"standard","meta":{"footnotes":""},"categories":[589,479,17988,478],"tags":[],"class_list":["post-324951","post","type-post","status-publish","format-standard","has-post-thumbnail","","category-haber-seridi","category-haberler-yerel","category-son-haberler","category-yerel"],"_links":{"self":[{"href":"https:\/\/archive.sana.sy\/tr\/index.php?rest_route=\/wp\/v2\/posts\/324951","targetHints":{"allow":["GET"]}}],"collection":[{"href":"https:\/\/archive.sana.sy\/tr\/index.php?rest_route=\/wp\/v2\/posts"}],"about":[{"href":"https:\/\/archive.sana.sy\/tr\/index.php?rest_route=\/wp\/v2\/types\/post"}],"author":[{"embeddable":true,"href":"https:\/\/archive.sana.sy\/tr\/index.php?rest_route=\/wp\/v2\/users\/36"}],"replies":[{"embeddable":true,"href":"https:\/\/archive.sana.sy\/tr\/index.php?rest_route=%2Fwp%2Fv2%2Fcomments&post=324951"}],"version-history":[{"count":3,"href":"https:\/\/archive.sana.sy\/tr\/index.php?rest_route=\/wp\/v2\/posts\/324951\/revisions"}],"predecessor-version":[{"id":324983,"href":"https:\/\/archive.sana.sy\/tr\/index.php?rest_route=\/wp\/v2\/posts\/324951\/revisions\/324983"}],"wp:featuredmedia":[{"embeddable":true,"href":"https:\/\/archive.sana.sy\/tr\/index.php?rest_route=\/wp\/v2\/media\/324954"}],"wp:attachment":[{"href":"https:\/\/archive.sana.sy\/tr\/index.php?rest_route=%2Fwp%2Fv2%2Fmedia&parent=324951"}],"wp:term":[{"taxonomy":"category","embeddable":true,"href":"https:\/\/archive.sana.sy\/tr\/index.php?rest_route=%2Fwp%2Fv2%2Fcategories&post=324951"},{"taxonomy":"post_tag","embeddable":true,"href":"https:\/\/archive.sana.sy\/tr\/index.php?rest_route=%2Fwp%2Fv2%2Ftags&post=324951"}],"curies":[{"name":"wp","href":"https:\/\/api.w.org\/{rel}","templated":true}]}}