{"id":324960,"date":"2025-07-08T12:48:48","date_gmt":"2025-07-08T09:48:48","guid":{"rendered":"https:\/\/sana.sy\/tr\/?p=324960"},"modified":"2025-07-08T15:19:26","modified_gmt":"2025-07-08T12:19:26","slug":"dera-valisi-irbid-valisini-kabul-etti","status":"publish","type":"post","link":"https:\/\/archive.sana.sy\/tr\/?p=324960","title":{"rendered":"Dera Valisi, \u0130rbid Valisi&#8217;ni Kabul Etti"},"content":{"rendered":"<p style=\"text-align: justify;\"><span style=\"color: #ff0000;\"><strong>DERA (SANA)<\/strong><\/span> &#8211;\u00a0 Dera Valisi Anver Taha El Zu\u011fbi, \u0130rbid Valisi Radvan Muhammad Ali Atum ba\u015fkanl\u0131\u011f\u0131ndaki resmi \u00dcrd\u00fcn heyetini kabul etti.<\/p>\n<p style=\"text-align: justify;\">Valili\u011fe yap\u0131lan ilk ziyaret olan bu ziyaret, Suriye ve \u00dcrd\u00fcn aras\u0131ndaki ileti\u015fimi ve i\u015f birli\u011fini g\u00fc\u00e7lendirmeyi ama\u00e7l\u0131yor.<\/p>\n<p style=\"text-align: justify;\"><img loading=\"lazy\" decoding=\"async\" class=\"size-medium wp-image-324964 alignright\" src=\"http:\/\/sana.sy\/tr\/wp-content\/uploads\/2025\/07\/3-4-300x168.jpg\" alt=\"\" width=\"300\" height=\"168\" srcset=\"https:\/\/archive.sana.sy\/tr\/wp-content\/uploads\/2025\/07\/3-4-300x168.jpg 300w, https:\/\/archive.sana.sy\/tr\/wp-content\/uploads\/2025\/07\/3-4.jpg 660w\" sizes=\"auto, (max-width: 300px) 100vw, 300px\" \/>Valilik binas\u0131nda ger\u00e7ekle\u015fen g\u00f6r\u00fc\u015fmede iki taraf, kurumsal ili\u015fkilerin g\u00fc\u00e7lendirilmesi ve ekonomik, kalk\u0131nma ve hizmet sekt\u00f6rlerinde i\u015f birli\u011finin geli\u015ftirilmesindeki rol\u00fc g\u00f6z \u00f6n\u00fcne al\u0131nd\u0131\u011f\u0131nda, Dera ile \u0130rbid aras\u0131nda karde\u015f \u015fehir olma olas\u0131l\u0131\u011f\u0131n\u0131 ele ald\u0131.<\/p>\n<p style=\"text-align: justify;\">\u0130ki taraf ayr\u0131ca, ekonomik akt\u00f6rler aras\u0131nda ticaret al\u0131\u015fveri\u015fini desteklemek, yat\u0131r\u0131m f\u0131rsatlar\u0131n\u0131 geni\u015fletmek ve Suriye ve \u00dcrd\u00fcn&#8217;deki do\u011frudan ileti\u015fim kanallar\u0131 a\u00e7mak i\u00e7in mekanizmalar\u0131 g\u00f6r\u00fc\u015f\u00fcrken, bu karde\u015f\u00e7e ikili ili\u015fkileri g\u00fc\u00e7lendirece\u011fine ve iki karde\u015f halk\u0131n \u00e7\u0131karlar\u0131na hizmet edece\u011fine i\u015faret etti.<\/p>\n<p style=\"text-align: justify;\">\u00dcrd\u00fcn heyetinde, \u0130rbid Valisi, yard\u0131mc\u0131s\u0131 Rami Muhammed Ahmed Ubeydat, Cabir S\u0131n\u0131r Kap\u0131s\u0131 M\u00fcd\u00fcr\u00fc Tu\u011fgeneral Muhammed El Savair ve \u0130rbid Sanayi Odas\u0131 Ba\u015fkan\u0131 Hani Musa \u0130sa El Abdullah yer ald\u0131.<\/p>\n<div id='gallery-1' class='gallery galleryid-324960 gallery-columns-3 gallery-size-full'><figure class='gallery-item'>\n\t\t\t<div class='gallery-icon landscape'>\n\t\t\t\t<a href='https:\/\/archive.sana.sy\/tr\/wp-content\/uploads\/2025\/07\/\u062f\u0631\u0639\u0627-2.jpg'><img loading=\"lazy\" decoding=\"async\" width=\"660\" height=\"370\" src=\"https:\/\/archive.sana.sy\/tr\/wp-content\/uploads\/2025\/07\/\u062f\u0631\u0639\u0627-2.jpg\" class=\"attachment-full size-full\" alt=\"\" srcset=\"https:\/\/archive.sana.sy\/tr\/wp-content\/uploads\/2025\/07\/\u062f\u0631\u0639\u0627-2.jpg 660w, https:\/\/archive.sana.sy\/tr\/wp-content\/uploads\/2025\/07\/\u062f\u0631\u0639\u0627-2-300x168.jpg 300w\" sizes=\"auto, (max-width: 660px) 100vw, 660px\" \/><\/a>\n\t\t\t<\/div><\/figure><figure class='gallery-item'>\n\t\t\t<div class='gallery-icon landscape'>\n\t\t\t\t<a href='https:\/\/archive.sana.sy\/tr\/wp-content\/uploads\/2025\/07\/\u062f\u0631\u0639\u0627-3.jpg'><img loading=\"lazy\" decoding=\"async\" width=\"660\" height=\"370\" src=\"https:\/\/archive.sana.sy\/tr\/wp-content\/uploads\/2025\/07\/\u062f\u0631\u0639\u0627-3.jpg\" class=\"attachment-full size-full\" alt=\"\" srcset=\"https:\/\/archive.sana.sy\/tr\/wp-content\/uploads\/2025\/07\/\u062f\u0631\u0639\u0627-3.jpg 660w, https:\/\/archive.sana.sy\/tr\/wp-content\/uploads\/2025\/07\/\u062f\u0631\u0639\u0627-3-300x168.jpg 300w\" sizes=\"auto, (max-width: 660px) 100vw, 660px\" \/><\/a>\n\t\t\t<\/div><\/figure><figure class='gallery-item'>\n\t\t\t<div class='gallery-icon landscape'>\n\t\t\t\t<a href='https:\/\/archive.sana.sy\/tr\/wp-content\/uploads\/2025\/07\/\u062f\u0631\u0639\u06274-4.jpg'><img loading=\"lazy\" decoding=\"async\" width=\"660\" height=\"370\" src=\"https:\/\/archive.sana.sy\/tr\/wp-content\/uploads\/2025\/07\/\u062f\u0631\u0639\u06274-4.jpg\" class=\"attachment-full size-full\" alt=\"\" srcset=\"https:\/\/archive.sana.sy\/tr\/wp-content\/uploads\/2025\/07\/\u062f\u0631\u0639\u06274-4.jpg 660w, https:\/\/archive.sana.sy\/tr\/wp-content\/uploads\/2025\/07\/\u062f\u0631\u0639\u06274-4-300x168.jpg 300w\" sizes=\"auto, (max-width: 660px) 100vw, 660px\" \/><\/a>\n\t\t\t<\/div><\/figure>\n\t\t<\/div>\n\n","protected":false},"excerpt":{"rendered":"<p>DERA (SANA) &#8211;\u00a0 Dera Valisi Anver Taha El Zu\u011fbi, \u0130rbid Valisi Radvan Muhammad Ali Atum ba\u015fkanl\u0131\u011f\u0131ndaki resmi \u00dcrd\u00fcn heyetini kabul etti. Valili\u011fe yap\u0131lan ilk ziyaret olan bu ziyaret, Suriye ve \u00dcrd\u00fcn aras\u0131ndaki ileti\u015fimi ve i\u015f birli\u011fini g\u00fc\u00e7lendirmeyi ama\u00e7l\u0131yor. Valilik binas\u0131nda ger\u00e7ekle\u015fen g\u00f6r\u00fc\u015fmede iki taraf, kurumsal ili\u015fkilerin g\u00fc\u00e7lendirilmesi ve ekonomik, kalk\u0131nma ve hizmet sekt\u00f6rlerinde i\u015f birli\u011finin &hellip;<\/p>\n","protected":false},"author":36,"featured_media":324965,"comment_status":"closed","ping_status":"closed","sticky":false,"template":"","format":"standard","meta":{"footnotes":""},"categories":[589,479,17988,478],"tags":[],"class_list":["post-324960","post","type-post","status-publish","format-standard","has-post-thumbnail","","category-haber-seridi","category-haberler-yerel","category-son-haberler","category-yerel"],"_links":{"self":[{"href":"https:\/\/archive.sana.sy\/tr\/index.php?rest_route=\/wp\/v2\/posts\/324960","targetHints":{"allow":["GET"]}}],"collection":[{"href":"https:\/\/archive.sana.sy\/tr\/index.php?rest_route=\/wp\/v2\/posts"}],"about":[{"href":"https:\/\/archive.sana.sy\/tr\/index.php?rest_route=\/wp\/v2\/types\/post"}],"author":[{"embeddable":true,"href":"https:\/\/archive.sana.sy\/tr\/index.php?rest_route=\/wp\/v2\/users\/36"}],"replies":[{"embeddable":true,"href":"https:\/\/archive.sana.sy\/tr\/index.php?rest_route=%2Fwp%2Fv2%2Fcomments&post=324960"}],"version-history":[{"count":4,"href":"https:\/\/archive.sana.sy\/tr\/index.php?rest_route=\/wp\/v2\/posts\/324960\/revisions"}],"predecessor-version":[{"id":324984,"href":"https:\/\/archive.sana.sy\/tr\/index.php?rest_route=\/wp\/v2\/posts\/324960\/revisions\/324984"}],"wp:featuredmedia":[{"embeddable":true,"href":"https:\/\/archive.sana.sy\/tr\/index.php?rest_route=\/wp\/v2\/media\/324965"}],"wp:attachment":[{"href":"https:\/\/archive.sana.sy\/tr\/index.php?rest_route=%2Fwp%2Fv2%2Fmedia&parent=324960"}],"wp:term":[{"taxonomy":"category","embeddable":true,"href":"https:\/\/archive.sana.sy\/tr\/index.php?rest_route=%2Fwp%2Fv2%2Fcategories&post=324960"},{"taxonomy":"post_tag","embeddable":true,"href":"https:\/\/archive.sana.sy\/tr\/index.php?rest_route=%2Fwp%2Fv2%2Ftags&post=324960"}],"curies":[{"name":"wp","href":"https:\/\/api.w.org\/{rel}","templated":true}]}}