{"id":324989,"date":"2025-07-08T15:49:52","date_gmt":"2025-07-08T12:49:52","guid":{"rendered":"https:\/\/sana.sy\/tr\/?p=324989"},"modified":"2025-07-09T20:02:17","modified_gmt":"2025-07-09T17:02:17","slug":"bakan-el-salih-lazkiye-kirsalindaki-yanginlarla-mucadele-icin-hareket-odasinda-kalici-olaganustu-hal-ilan-edildi","status":"publish","type":"post","link":"https:\/\/archive.sana.sy\/tr\/?p=324989","title":{"rendered":"Bakan El Salih: Lazkiye K\u0131rsal\u0131ndaki Yang\u0131nlarla M\u00fccadele \u0130\u00e7in Hareket Odas\u0131nda Kal\u0131c\u0131 Ola\u011fan\u00fcst\u00fc Hal \u0130lan Edildi"},"content":{"rendered":"<p style=\"text-align: justify;\"><span style=\"color: #ff0000;\"><strong>\u015eAM (SANA)<\/strong> <\/span>&#8211; Acil Durum ve Afet Y\u00f6netimi Bakan\u0131 Raed El Salih, Ortak Harekat Odas\u0131&#8217;n\u0131n kuzey Lazkiye k\u0131rsal\u0131nda \u00e7\u0131kan orman yang\u0131nlar\u0131n\u0131n geli\u015fimini izlemek, riskleri de\u011ferlendirmek ve ger\u00e7ek zamanl\u0131 olarak saha m\u00fcdahalelerini koordine etmek i\u00e7in 7\/24 toplant\u0131 halinde oldu\u011funu do\u011frulad\u0131.<\/p>\n<p style=\"text-align: justify;\">Salih, X platformunda yapt\u0131\u011f\u0131 payla\u015f\u0131mda \u015funlar\u0131 s\u00f6yledi: \u2018\u2019\u0130tfaiye ekipleri, \u00f6zellikle yang\u0131n\u0131n geni\u015flemesine ve \u015fu ana kadar yakla\u015f\u0131k 14.000 hektarl\u0131k alan\u0131 kaplamas\u0131na yol a\u00e7an y\u00fcksek r\u00fczgar h\u0131zlar\u0131 gibi \u00f6nemli zorluklarla kar\u015f\u0131 kar\u015f\u0131ya. D\u00fcn, alevler Kasab b\u00f6lgesindeki Ghassaniya b\u00f6lgesine ula\u015ft\u0131 ve g\u00fcvenlikleri i\u00e7in 25&#8217;ten fazla ailenin tahliye edilmesini gerektirdi.\u2019\u2019<\/p>\n<p style=\"text-align: justify;\"><span style=\"color: #0000ff;\"><strong>Yang\u0131nla M\u00fccadele \u0130\u00e7in B\u00f6lgesel ve Uluslararas\u0131 Destek<\/strong><\/span><\/p>\n<p style=\"text-align: justify;\">Bakan, \u015fu anda 16 itfaiye u\u00e7a\u011f\u0131n\u0131n s\u00f6nd\u00fcrme operasyonlar\u0131na kat\u0131ld\u0131\u011f\u0131n\u0131 ve bu say\u0131n\u0131n \u00f6n\u00fcm\u00fczdeki saatlerde 20&#8217;ye \u00e7\u0131kmas\u0131n\u0131n beklendi\u011fini belirtti.<\/p>\n<p style=\"text-align: justify;\">Ayr\u0131ca, Suriye Sivil Savunma ve Lazkiye \u0130tfaiye Tugay\u0131&#8217;ndan itfaiye ekiplerinin, T\u00fcrk ve \u00dcrd\u00fcn ekiplerinin ve Suriye, T\u00fcrk, \u00dcrd\u00fcn ve L\u00fcbnan hava kuvvetlerinin kar\u015f\u0131la\u015ft\u0131\u011f\u0131 zorluklar g\u00f6z \u00f6n\u00fcne al\u0131nd\u0131\u011f\u0131nda, Avrupa Birli\u011fi&#8217;nin destek \u00e7a\u011fr\u0131s\u0131n\u0131n h\u0131zl\u0131 bir \u015fekilde kar\u015f\u0131lanaca\u011f\u0131 umudunu dile getirdi.<\/p>\n","protected":false},"excerpt":{"rendered":"<p>\u015eAM (SANA) &#8211; Acil Durum ve Afet Y\u00f6netimi Bakan\u0131 Raed El Salih, Ortak Harekat Odas\u0131&#8217;n\u0131n kuzey Lazkiye k\u0131rsal\u0131nda \u00e7\u0131kan orman yang\u0131nlar\u0131n\u0131n geli\u015fimini izlemek, riskleri de\u011ferlendirmek ve ger\u00e7ek zamanl\u0131 olarak saha m\u00fcdahalelerini koordine etmek i\u00e7in 7\/24 toplant\u0131 halinde oldu\u011funu do\u011frulad\u0131. Salih, X platformunda yapt\u0131\u011f\u0131 payla\u015f\u0131mda \u015funlar\u0131 s\u00f6yledi: \u2018\u2019\u0130tfaiye ekipleri, \u00f6zellikle yang\u0131n\u0131n geni\u015flemesine ve \u015fu ana kadar &hellip;<\/p>\n","protected":false},"author":41,"featured_media":324990,"comment_status":"closed","ping_status":"closed","sticky":false,"template":"","format":"standard","meta":{"footnotes":""},"categories":[589,479],"tags":[],"class_list":["post-324989","post","type-post","status-publish","format-standard","has-post-thumbnail","","category-haber-seridi","category-haberler-yerel"],"_links":{"self":[{"href":"https:\/\/archive.sana.sy\/tr\/index.php?rest_route=\/wp\/v2\/posts\/324989","targetHints":{"allow":["GET"]}}],"collection":[{"href":"https:\/\/archive.sana.sy\/tr\/index.php?rest_route=\/wp\/v2\/posts"}],"about":[{"href":"https:\/\/archive.sana.sy\/tr\/index.php?rest_route=\/wp\/v2\/types\/post"}],"author":[{"embeddable":true,"href":"https:\/\/archive.sana.sy\/tr\/index.php?rest_route=\/wp\/v2\/users\/41"}],"replies":[{"embeddable":true,"href":"https:\/\/archive.sana.sy\/tr\/index.php?rest_route=%2Fwp%2Fv2%2Fcomments&post=324989"}],"version-history":[{"count":1,"href":"https:\/\/archive.sana.sy\/tr\/index.php?rest_route=\/wp\/v2\/posts\/324989\/revisions"}],"predecessor-version":[{"id":324991,"href":"https:\/\/archive.sana.sy\/tr\/index.php?rest_route=\/wp\/v2\/posts\/324989\/revisions\/324991"}],"wp:featuredmedia":[{"embeddable":true,"href":"https:\/\/archive.sana.sy\/tr\/index.php?rest_route=\/wp\/v2\/media\/324990"}],"wp:attachment":[{"href":"https:\/\/archive.sana.sy\/tr\/index.php?rest_route=%2Fwp%2Fv2%2Fmedia&parent=324989"}],"wp:term":[{"taxonomy":"category","embeddable":true,"href":"https:\/\/archive.sana.sy\/tr\/index.php?rest_route=%2Fwp%2Fv2%2Fcategories&post=324989"},{"taxonomy":"post_tag","embeddable":true,"href":"https:\/\/archive.sana.sy\/tr\/index.php?rest_route=%2Fwp%2Fv2%2Ftags&post=324989"}],"curies":[{"name":"wp","href":"https:\/\/api.w.org\/{rel}","templated":true}]}}