{"id":324992,"date":"2025-07-08T17:28:50","date_gmt":"2025-07-08T14:28:50","guid":{"rendered":"https:\/\/sana.sy\/tr\/?p=324992"},"modified":"2025-07-08T17:28:50","modified_gmt":"2025-07-08T14:28:50","slug":"suriye-ve-katar-ortak-guvenlik-isbirligini-gorustu","status":"publish","type":"post","link":"https:\/\/archive.sana.sy\/tr\/?p=324992","title":{"rendered":"Suriye ve Katar Ortak G\u00fcvenlik \u0130\u015fbirli\u011fini G\u00f6r\u00fc\u015ft\u00fc"},"content":{"rendered":"<p style=\"text-align: justify;\"><span style=\"color: #ff0000;\"><strong>DOHA (SANA)<\/strong> <\/span>&#8211; Suriye \u0130\u00e7i\u015fleri Bakan Yard\u0131mc\u0131s\u0131 G\u00fcvenlik \u0130\u015fleri T\u00fcmgeneral Abdulkader Tahhan, bug\u00fcn Doha&#8217;da Katar \u0130\u00e7i\u015fleri Bakanl\u0131\u011f\u0131 M\u00fcste\u015far\u0131 Abdullah bin Halef bin Hattab Al Kaabi ile bir araya geldi.<\/p>\n<p style=\"text-align: justify;\">Katar&#8217;\u0131n QNA haber ajans\u0131na g\u00f6re, toplant\u0131da Suriye ve Katar aras\u0131ndaki ortak g\u00fcvenlik alanlar\u0131ndaki i\u015fbirli\u011fi ve bunlar\u0131 geli\u015ftirme yollar\u0131 ele al\u0131nd\u0131.<\/p>\n","protected":false},"excerpt":{"rendered":"<p>DOHA (SANA) &#8211; Suriye \u0130\u00e7i\u015fleri Bakan Yard\u0131mc\u0131s\u0131 G\u00fcvenlik \u0130\u015fleri T\u00fcmgeneral Abdulkader Tahhan, bug\u00fcn Doha&#8217;da Katar \u0130\u00e7i\u015fleri Bakanl\u0131\u011f\u0131 M\u00fcste\u015far\u0131 Abdullah bin Halef bin Hattab Al Kaabi ile bir araya geldi. Katar&#8217;\u0131n QNA haber ajans\u0131na g\u00f6re, toplant\u0131da Suriye ve Katar aras\u0131ndaki ortak g\u00fcvenlik alanlar\u0131ndaki i\u015fbirli\u011fi ve bunlar\u0131 geli\u015ftirme yollar\u0131 ele al\u0131nd\u0131.<\/p>\n","protected":false},"author":41,"featured_media":324993,"comment_status":"closed","ping_status":"closed","sticky":false,"template":"","format":"standard","meta":{"footnotes":""},"categories":[458,589,459,17988],"tags":[],"class_list":["post-324992","post","type-post","status-publish","format-standard","has-post-thumbnail","","category-dunya1","category-haber-seridi","category-haberler-arap-uluslararasi-politika","category-son-haberler"],"_links":{"self":[{"href":"https:\/\/archive.sana.sy\/tr\/index.php?rest_route=\/wp\/v2\/posts\/324992","targetHints":{"allow":["GET"]}}],"collection":[{"href":"https:\/\/archive.sana.sy\/tr\/index.php?rest_route=\/wp\/v2\/posts"}],"about":[{"href":"https:\/\/archive.sana.sy\/tr\/index.php?rest_route=\/wp\/v2\/types\/post"}],"author":[{"embeddable":true,"href":"https:\/\/archive.sana.sy\/tr\/index.php?rest_route=\/wp\/v2\/users\/41"}],"replies":[{"embeddable":true,"href":"https:\/\/archive.sana.sy\/tr\/index.php?rest_route=%2Fwp%2Fv2%2Fcomments&post=324992"}],"version-history":[{"count":1,"href":"https:\/\/archive.sana.sy\/tr\/index.php?rest_route=\/wp\/v2\/posts\/324992\/revisions"}],"predecessor-version":[{"id":324994,"href":"https:\/\/archive.sana.sy\/tr\/index.php?rest_route=\/wp\/v2\/posts\/324992\/revisions\/324994"}],"wp:featuredmedia":[{"embeddable":true,"href":"https:\/\/archive.sana.sy\/tr\/index.php?rest_route=\/wp\/v2\/media\/324993"}],"wp:attachment":[{"href":"https:\/\/archive.sana.sy\/tr\/index.php?rest_route=%2Fwp%2Fv2%2Fmedia&parent=324992"}],"wp:term":[{"taxonomy":"category","embeddable":true,"href":"https:\/\/archive.sana.sy\/tr\/index.php?rest_route=%2Fwp%2Fv2%2Fcategories&post=324992"},{"taxonomy":"post_tag","embeddable":true,"href":"https:\/\/archive.sana.sy\/tr\/index.php?rest_route=%2Fwp%2Fv2%2Ftags&post=324992"}],"curies":[{"name":"wp","href":"https:\/\/api.w.org\/{rel}","templated":true}]}}