{"id":324995,"date":"2025-07-08T06:41:37","date_gmt":"2025-07-08T03:41:37","guid":{"rendered":"https:\/\/sana.sy\/tr\/?p=324995"},"modified":"2025-07-08T18:12:19","modified_gmt":"2025-07-08T15:12:19","slug":"abd-selinde-104-olu-onlarca-kayip","status":"publish","type":"post","link":"https:\/\/archive.sana.sy\/tr\/?p=324995","title":{"rendered":"ABD Selinde 104 \u00d6l\u00fc, Onlarca Kay\u0131p"},"content":{"rendered":"<p style=\"text-align: justify;\"><strong><span style=\"color: #ff0000;\">VA\u015e\u0130NGTON (SANA) &#8211;<\/span><\/strong> Teksas&#8217;taki son sel felaketinde \u00f6lenlerin say\u0131s\u0131, daha fazla kurtulan bulma umutlar\u0131n\u0131n azalmas\u0131yla birlikte \u00e7ocuklar ve onlarca kay\u0131p da dahil olmak \u00fczere 104&#8217;e y\u00fckseldi.<\/p>\n<p style=\"text-align: justify;\">New York Times, yerel yetkililerin Kerr County&#8217;deki sel felaketinde 84 ki\u015finin \u00f6ld\u00fc\u011f\u00fcn\u00fc, \u00f6l\u00fcmlerin \u00e7o\u011funun ger\u00e7ekle\u015fti\u011fini, 20 ki\u015finin de kom\u015fu il\u00e7elerde \u00f6ld\u00fc\u011f\u00fcn\u00fc s\u00f6yledi\u011fini aktard\u0131.<\/p>\n<p style=\"text-align: justify;\">Kay\u0131plar\u0131 arama \u00e7al\u0131\u015fmalar\u0131 be\u015finci g\u00fcn\u00fcne girerken, kurtarma ekipleri aramaya devam etmeye haz\u0131rlan\u0131rken kurtulanlar\u0131 bulma umutlar\u0131 azald\u0131. Yetkililer gelecekteki felaketleri \u00f6nlemeye odakland\u0131.<\/p>\n","protected":false},"excerpt":{"rendered":"<p>VA\u015e\u0130NGTON (SANA) &#8211; Teksas&#8217;taki son sel felaketinde \u00f6lenlerin say\u0131s\u0131, daha fazla kurtulan bulma umutlar\u0131n\u0131n azalmas\u0131yla birlikte \u00e7ocuklar ve onlarca kay\u0131p da dahil olmak \u00fczere 104&#8217;e y\u00fckseldi. New York Times, yerel yetkililerin Kerr County&#8217;deki sel felaketinde 84 ki\u015finin \u00f6ld\u00fc\u011f\u00fcn\u00fc, \u00f6l\u00fcmlerin \u00e7o\u011funun ger\u00e7ekle\u015fti\u011fini, 20 ki\u015finin de kom\u015fu il\u00e7elerde \u00f6ld\u00fc\u011f\u00fcn\u00fc s\u00f6yledi\u011fini aktard\u0131. Kay\u0131plar\u0131 arama \u00e7al\u0131\u015fmalar\u0131 be\u015finci g\u00fcn\u00fcne girerken, &hellip;<\/p>\n","protected":false},"author":41,"featured_media":324996,"comment_status":"closed","ping_status":"closed","sticky":false,"template":"","format":"standard","meta":{"footnotes":""},"categories":[458,589,459,17988],"tags":[],"class_list":["post-324995","post","type-post","status-publish","format-standard","has-post-thumbnail","","category-dunya1","category-haber-seridi","category-haberler-arap-uluslararasi-politika","category-son-haberler"],"_links":{"self":[{"href":"https:\/\/archive.sana.sy\/tr\/index.php?rest_route=\/wp\/v2\/posts\/324995","targetHints":{"allow":["GET"]}}],"collection":[{"href":"https:\/\/archive.sana.sy\/tr\/index.php?rest_route=\/wp\/v2\/posts"}],"about":[{"href":"https:\/\/archive.sana.sy\/tr\/index.php?rest_route=\/wp\/v2\/types\/post"}],"author":[{"embeddable":true,"href":"https:\/\/archive.sana.sy\/tr\/index.php?rest_route=\/wp\/v2\/users\/41"}],"replies":[{"embeddable":true,"href":"https:\/\/archive.sana.sy\/tr\/index.php?rest_route=%2Fwp%2Fv2%2Fcomments&post=324995"}],"version-history":[{"count":1,"href":"https:\/\/archive.sana.sy\/tr\/index.php?rest_route=\/wp\/v2\/posts\/324995\/revisions"}],"predecessor-version":[{"id":324997,"href":"https:\/\/archive.sana.sy\/tr\/index.php?rest_route=\/wp\/v2\/posts\/324995\/revisions\/324997"}],"wp:featuredmedia":[{"embeddable":true,"href":"https:\/\/archive.sana.sy\/tr\/index.php?rest_route=\/wp\/v2\/media\/324996"}],"wp:attachment":[{"href":"https:\/\/archive.sana.sy\/tr\/index.php?rest_route=%2Fwp%2Fv2%2Fmedia&parent=324995"}],"wp:term":[{"taxonomy":"category","embeddable":true,"href":"https:\/\/archive.sana.sy\/tr\/index.php?rest_route=%2Fwp%2Fv2%2Fcategories&post=324995"},{"taxonomy":"post_tag","embeddable":true,"href":"https:\/\/archive.sana.sy\/tr\/index.php?rest_route=%2Fwp%2Fv2%2Ftags&post=324995"}],"curies":[{"name":"wp","href":"https:\/\/api.w.org\/{rel}","templated":true}]}}