{"id":325003,"date":"2025-07-08T20:23:10","date_gmt":"2025-07-08T17:23:10","guid":{"rendered":"https:\/\/sana.sy\/tr\/?p=325003"},"modified":"2025-07-10T08:34:30","modified_gmt":"2025-07-10T05:34:30","slug":"suriye-disisleri-bakani-samda-avrupa-birligi-heyetini-kabul-etti","status":"publish","type":"post","link":"https:\/\/archive.sana.sy\/tr\/?p=325003","title":{"rendered":"Suriye D\u0131\u015fi\u015fleri Bakan\u0131, \u015eam\u2019da Avrupa Birli\u011fi Heyetini Kabul Etti"},"content":{"rendered":"<p style=\"text-align: justify;\"><span style=\"color: #ff0000;\"><strong>\u015eAM (SANA) &#8211;<\/strong><\/span> Suriye Arap Cumhuriyeti D\u0131\u015fi\u015fleri ve Gurbet\u00e7iler Bakan\u0131 Say\u0131n Asaad El \u015eeybani, bug\u00fcn \u015eam\u2019da Avrupa Birli\u011fi&#8217;nin Suriye Maslahatg\u00fczar\u0131 Michael Unmacht ba\u015fkanl\u0131\u011f\u0131ndaki Avrupa Birli\u011fi b\u00fcy\u00fckel\u00e7ilerinden olu\u015fan bir heyeti kabul etti.<\/p>\n<p style=\"text-align: justify;\">G\u00f6r\u00fc\u015fmede, Suriye\u2019nin baz\u0131 b\u00f6lgelerinde son d\u00f6nemde ya\u015fanan orman yang\u0131nlar\u0131n\u0131n etkileri ba\u015fta olmak \u00fczere \u00e7e\u015fitli konular ele al\u0131nd\u0131. Taraflar, bu felaketlerle m\u00fccadele ve halk ile \u00e7evre \u00fczerindeki etkilerini hafifletmek amac\u0131yla teknik ve insani yard\u0131m sa\u011flanmas\u0131 mekanizmalar\u0131n\u0131 g\u00f6r\u00fc\u015ft\u00fc.<\/p>\n<p style=\"text-align: justify;\">Bakan \u015eeybani, iklim de\u011fi\u015fikli\u011fi ve do\u011fal afetlerin b\u00f6lgesel \u00e7evresel ve ekonomik g\u00fcvenli\u011fi tehdit etti\u011fini vurgulayarak, bu sorunlarla m\u00fccadelede uluslararas\u0131 dayan\u0131\u015fman\u0131n \u00f6nemine vurgulad\u0131.<\/p>\n<p style=\"text-align: justify;\">G\u00f6r\u00fc\u015fmede ayr\u0131ca Suriye taraf\u0131na Br\u00fcksel\u2019i ziyaret etmesi i\u00e7in resm\u00ee davette bulunulmas\u0131, siyasi diyaloglar\u0131n s\u00fcrd\u00fcr\u00fclmesi, \u201cAkdeniz \u0130\u00e7in Birlik\u201c kapsam\u0131ndaki Suriye\u2019nin rol\u00fcn\u00fcn yeniden canland\u0131r\u0131lmas\u0131 ve b\u00f6lgesel kalk\u0131nma programlar\u0131n\u0131n desteklenmesi gibi \u00f6ncelikli konular ele al\u0131nd\u0131. Taraflar, Avrupa Birli\u011fi Konseyi\u2019nin Suriye\u2019ye ili\u015fkin son de\u011ferlendirmeleri hakk\u0131nda da g\u00f6r\u00fc\u015f al\u0131\u015fveri\u015finde bulundu.<\/p>\n<div id='gallery-1' class='gallery galleryid-325003 gallery-columns-1 gallery-size-full'><figure class='gallery-item'>\n\t\t\t<div class='gallery-icon landscape'>\n\t\t\t\t<a href='https:\/\/archive.sana.sy\/tr\/?attachment_id=325007'><img loading=\"lazy\" decoding=\"async\" width=\"1536\" height=\"862\" src=\"https:\/\/archive.sana.sy\/tr\/wp-content\/uploads\/2025\/07\/photo_2025-07-08_19-24-35-1536x862-1.jpg\" class=\"attachment-full size-full\" alt=\"\" srcset=\"https:\/\/archive.sana.sy\/tr\/wp-content\/uploads\/2025\/07\/photo_2025-07-08_19-24-35-1536x862-1.jpg 1536w, https:\/\/archive.sana.sy\/tr\/wp-content\/uploads\/2025\/07\/photo_2025-07-08_19-24-35-1536x862-1-300x168.jpg 300w, https:\/\/archive.sana.sy\/tr\/wp-content\/uploads\/2025\/07\/photo_2025-07-08_19-24-35-1536x862-1-1024x575.jpg 1024w, https:\/\/archive.sana.sy\/tr\/wp-content\/uploads\/2025\/07\/photo_2025-07-08_19-24-35-1536x862-1-768x431.jpg 768w\" sizes=\"auto, (max-width: 1536px) 100vw, 1536px\" \/><\/a>\n\t\t\t<\/div><\/figure><figure class='gallery-item'>\n\t\t\t<div class='gallery-icon landscape'>\n\t\t\t\t<a href='https:\/\/archive.sana.sy\/tr\/?attachment_id=325005'><img loading=\"lazy\" decoding=\"async\" width=\"1536\" height=\"862\" src=\"https:\/\/archive.sana.sy\/tr\/wp-content\/uploads\/2025\/07\/photo_2025-07-08_19-24-41-1536x862-1.jpg\" class=\"attachment-full size-full\" alt=\"\" srcset=\"https:\/\/archive.sana.sy\/tr\/wp-content\/uploads\/2025\/07\/photo_2025-07-08_19-24-41-1536x862-1.jpg 1536w, https:\/\/archive.sana.sy\/tr\/wp-content\/uploads\/2025\/07\/photo_2025-07-08_19-24-41-1536x862-1-300x168.jpg 300w, https:\/\/archive.sana.sy\/tr\/wp-content\/uploads\/2025\/07\/photo_2025-07-08_19-24-41-1536x862-1-1024x575.jpg 1024w, https:\/\/archive.sana.sy\/tr\/wp-content\/uploads\/2025\/07\/photo_2025-07-08_19-24-41-1536x862-1-768x431.jpg 768w\" sizes=\"auto, (max-width: 1536px) 100vw, 1536px\" \/><\/a>\n\t\t\t<\/div><\/figure><figure class='gallery-item'>\n\t\t\t<div class='gallery-icon landscape'>\n\t\t\t\t<a href='https:\/\/archive.sana.sy\/tr\/?attachment_id=325006'><img loading=\"lazy\" decoding=\"async\" width=\"1536\" height=\"862\" src=\"https:\/\/archive.sana.sy\/tr\/wp-content\/uploads\/2025\/07\/photo_2025-07-08_19-24-42-1536x862-1.jpg\" class=\"attachment-full size-full\" alt=\"\" srcset=\"https:\/\/archive.sana.sy\/tr\/wp-content\/uploads\/2025\/07\/photo_2025-07-08_19-24-42-1536x862-1.jpg 1536w, https:\/\/archive.sana.sy\/tr\/wp-content\/uploads\/2025\/07\/photo_2025-07-08_19-24-42-1536x862-1-300x168.jpg 300w, https:\/\/archive.sana.sy\/tr\/wp-content\/uploads\/2025\/07\/photo_2025-07-08_19-24-42-1536x862-1-1024x575.jpg 1024w, https:\/\/archive.sana.sy\/tr\/wp-content\/uploads\/2025\/07\/photo_2025-07-08_19-24-42-1536x862-1-768x431.jpg 768w\" sizes=\"auto, (max-width: 1536px) 100vw, 1536px\" \/><\/a>\n\t\t\t<\/div><\/figure>\n\t\t<\/div>\n\n","protected":false},"excerpt":{"rendered":"<p>\u015eAM (SANA) &#8211; Suriye Arap Cumhuriyeti D\u0131\u015fi\u015fleri ve Gurbet\u00e7iler Bakan\u0131 Say\u0131n Asaad El \u015eeybani, bug\u00fcn \u015eam\u2019da Avrupa Birli\u011fi&#8217;nin Suriye Maslahatg\u00fczar\u0131 Michael Unmacht ba\u015fkanl\u0131\u011f\u0131ndaki Avrupa Birli\u011fi b\u00fcy\u00fckel\u00e7ilerinden olu\u015fan bir heyeti kabul etti. G\u00f6r\u00fc\u015fmede, Suriye\u2019nin baz\u0131 b\u00f6lgelerinde son d\u00f6nemde ya\u015fanan orman yang\u0131nlar\u0131n\u0131n etkileri ba\u015fta olmak \u00fczere \u00e7e\u015fitli konular ele al\u0131nd\u0131. Taraflar, bu felaketlerle m\u00fccadele ve halk ile &hellip;<\/p>\n","protected":false},"author":41,"featured_media":325004,"comment_status":"closed","ping_status":"closed","sticky":false,"template":"","format":"standard","meta":{"footnotes":""},"categories":[479,17988,478],"tags":[],"class_list":["post-325003","post","type-post","status-publish","format-standard","has-post-thumbnail","","category-haberler-yerel","category-son-haberler","category-yerel"],"_links":{"self":[{"href":"https:\/\/archive.sana.sy\/tr\/index.php?rest_route=\/wp\/v2\/posts\/325003","targetHints":{"allow":["GET"]}}],"collection":[{"href":"https:\/\/archive.sana.sy\/tr\/index.php?rest_route=\/wp\/v2\/posts"}],"about":[{"href":"https:\/\/archive.sana.sy\/tr\/index.php?rest_route=\/wp\/v2\/types\/post"}],"author":[{"embeddable":true,"href":"https:\/\/archive.sana.sy\/tr\/index.php?rest_route=\/wp\/v2\/users\/41"}],"replies":[{"embeddable":true,"href":"https:\/\/archive.sana.sy\/tr\/index.php?rest_route=%2Fwp%2Fv2%2Fcomments&post=325003"}],"version-history":[{"count":2,"href":"https:\/\/archive.sana.sy\/tr\/index.php?rest_route=\/wp\/v2\/posts\/325003\/revisions"}],"predecessor-version":[{"id":325009,"href":"https:\/\/archive.sana.sy\/tr\/index.php?rest_route=\/wp\/v2\/posts\/325003\/revisions\/325009"}],"wp:featuredmedia":[{"embeddable":true,"href":"https:\/\/archive.sana.sy\/tr\/index.php?rest_route=\/wp\/v2\/media\/325004"}],"wp:attachment":[{"href":"https:\/\/archive.sana.sy\/tr\/index.php?rest_route=%2Fwp%2Fv2%2Fmedia&parent=325003"}],"wp:term":[{"taxonomy":"category","embeddable":true,"href":"https:\/\/archive.sana.sy\/tr\/index.php?rest_route=%2Fwp%2Fv2%2Fcategories&post=325003"},{"taxonomy":"post_tag","embeddable":true,"href":"https:\/\/archive.sana.sy\/tr\/index.php?rest_route=%2Fwp%2Fv2%2Ftags&post=325003"}],"curies":[{"name":"wp","href":"https:\/\/api.w.org\/{rel}","templated":true}]}}