{"id":325016,"date":"2025-07-09T08:56:47","date_gmt":"2025-07-09T05:56:47","guid":{"rendered":"https:\/\/sana.sy\/tr\/?p=325016"},"modified":"2025-07-09T08:56:48","modified_gmt":"2025-07-09T05:56:48","slug":"snow-ingilterenin-orman-yanginlarindan-etkilenen-suriye-halkiyla-dayanisma-icinde-oldugunu-dile-getirdi","status":"publish","type":"post","link":"https:\/\/archive.sana.sy\/tr\/?p=325016","title":{"rendered":"Snow, \u0130ngiltere&#8217;nin Orman Yang\u0131nlar\u0131ndan Etkilenen Suriye Halk\u0131yla Dayan\u0131\u015fma \u0130\u00e7inde Oldu\u011funu Dile Getirdi"},"content":{"rendered":"<p style=\"text-align: justify;\"><strong>LONDRA (SANA) &#8211; <\/strong>\u0130ngiltere&#8217;nin Suriye B\u00fcy\u00fckel\u00e7isi Anna Snow, Sahel b\u00f6lgelerindeki orman yang\u0131nlar\u0131ndan etkilenen Suriye halk\u0131yla \u00fclkesinin dayan\u0131\u015fmas\u0131n\u0131 dile getirdi.<\/p>\n<p style=\"text-align: justify;\">Snow, X platformunda yapt\u0131\u011f\u0131 payla\u015f\u0131mda, &#8220;Birle\u015fik Krall\u0131k, Lazkiye&#8217;deki b\u00fcy\u00fck orman yang\u0131nlar\u0131ndan etkilenen Suriyeli topluluklarla dayan\u0131\u015fma i\u00e7indedir ve yerel yetkililerin, acil durum hizmetlerinin ve t\u00fcm m\u00fcdahale ekiplerinin yang\u0131nlar\u0131 kontrol alt\u0131na almak ve hayatlar\u0131 korumak i\u00e7in g\u00f6sterdi\u011fi kahramanca \u00e7abalar\u0131 takdir ediyoruz&#8221; dedi.<\/p>\n<p style=\"text-align: justify;\">B\u00fcy\u00fckel\u00e7i Snow, &#8220;Alt\u0131 g\u00fcnd\u00fcr orman yang\u0131nlar\u0131yla m\u00fccadele eden itfaiye ekiplerinin ve yerel yetkililerin cesaretinden \u00e7ok etkilendim. Etkilenen topluluklara ve onlar\u0131 korumak i\u00e7in hayatlar\u0131n\u0131 riske atan herkese i\u00e7ten taziyelerimi sunuyorum&#8221; diye ekledi.<\/p>\n","protected":false},"excerpt":{"rendered":"<p>LONDRA (SANA) &#8211; \u0130ngiltere&#8217;nin Suriye B\u00fcy\u00fckel\u00e7isi Anna Snow, Sahel b\u00f6lgelerindeki orman yang\u0131nlar\u0131ndan etkilenen Suriye halk\u0131yla \u00fclkesinin dayan\u0131\u015fmas\u0131n\u0131 dile getirdi. Snow, X platformunda yapt\u0131\u011f\u0131 payla\u015f\u0131mda, &#8220;Birle\u015fik Krall\u0131k, Lazkiye&#8217;deki b\u00fcy\u00fck orman yang\u0131nlar\u0131ndan etkilenen Suriyeli topluluklarla dayan\u0131\u015fma i\u00e7indedir ve yerel yetkililerin, acil durum hizmetlerinin ve t\u00fcm m\u00fcdahale ekiplerinin yang\u0131nlar\u0131 kontrol alt\u0131na almak ve hayatlar\u0131 korumak i\u00e7in g\u00f6sterdi\u011fi kahramanca &hellip;<\/p>\n","protected":false},"author":39,"featured_media":325017,"comment_status":"closed","ping_status":"closed","sticky":false,"template":"","format":"standard","meta":{"footnotes":""},"categories":[458,589,459,17988],"tags":[],"class_list":["post-325016","post","type-post","status-publish","format-standard","has-post-thumbnail","","category-dunya1","category-haber-seridi","category-haberler-arap-uluslararasi-politika","category-son-haberler"],"_links":{"self":[{"href":"https:\/\/archive.sana.sy\/tr\/index.php?rest_route=\/wp\/v2\/posts\/325016","targetHints":{"allow":["GET"]}}],"collection":[{"href":"https:\/\/archive.sana.sy\/tr\/index.php?rest_route=\/wp\/v2\/posts"}],"about":[{"href":"https:\/\/archive.sana.sy\/tr\/index.php?rest_route=\/wp\/v2\/types\/post"}],"author":[{"embeddable":true,"href":"https:\/\/archive.sana.sy\/tr\/index.php?rest_route=\/wp\/v2\/users\/39"}],"replies":[{"embeddable":true,"href":"https:\/\/archive.sana.sy\/tr\/index.php?rest_route=%2Fwp%2Fv2%2Fcomments&post=325016"}],"version-history":[{"count":1,"href":"https:\/\/archive.sana.sy\/tr\/index.php?rest_route=\/wp\/v2\/posts\/325016\/revisions"}],"predecessor-version":[{"id":325018,"href":"https:\/\/archive.sana.sy\/tr\/index.php?rest_route=\/wp\/v2\/posts\/325016\/revisions\/325018"}],"wp:featuredmedia":[{"embeddable":true,"href":"https:\/\/archive.sana.sy\/tr\/index.php?rest_route=\/wp\/v2\/media\/325017"}],"wp:attachment":[{"href":"https:\/\/archive.sana.sy\/tr\/index.php?rest_route=%2Fwp%2Fv2%2Fmedia&parent=325016"}],"wp:term":[{"taxonomy":"category","embeddable":true,"href":"https:\/\/archive.sana.sy\/tr\/index.php?rest_route=%2Fwp%2Fv2%2Fcategories&post=325016"},{"taxonomy":"post_tag","embeddable":true,"href":"https:\/\/archive.sana.sy\/tr\/index.php?rest_route=%2Fwp%2Fv2%2Ftags&post=325016"}],"curies":[{"name":"wp","href":"https:\/\/api.w.org\/{rel}","templated":true}]}}