{"id":325019,"date":"2025-07-09T12:44:49","date_gmt":"2025-07-09T09:44:49","guid":{"rendered":"https:\/\/sana.sy\/tr\/?p=325019"},"modified":"2025-07-09T13:07:22","modified_gmt":"2025-07-09T10:07:22","slug":"suriye-ile-turkiye-arasindaki-iliskilerin-derinlestirilmesini-ele-alan-samda-bir-panel-gerceklestirildi","status":"publish","type":"post","link":"https:\/\/archive.sana.sy\/tr\/?p=325019","title":{"rendered":"Suriye ile T\u00fcrkiye Aras\u0131ndaki \u0130li\u015fkilerin Derinle\u015ftirilmesini Ele Alan \u015eam\u2019da Bir Panel Ger\u00e7ekle\u015ftirildi"},"content":{"rendered":"<p style=\"text-align: justify;\"><span style=\"color: #ff0000;\"><strong>\u015eAM (SANA) &#8211; <\/strong><\/span>T\u00fcrkiye Cumhurba\u015fkanl\u0131\u011f\u0131 \u0130leti\u015fim Ba\u015fkanl\u0131\u011f\u0131, gelecekte farkl\u0131 alanlarda ili\u015fkilerin derinle\u015ftirilmesi yollar\u0131na dair g\u00f6r\u00fc\u015f al\u0131\u015fveri\u015finde bulunmak, Suriye&#8217;de refah\u0131n art\u0131r\u0131lmas\u0131na y\u00f6nelik at\u0131labilecek ad\u0131mlar\u0131 vurgulamak ve toplumsal bar\u0131\u015f\u0131n yeniden in\u015fas\u0131n\u0131 ele almak amac\u0131yla \u015eam&#8217;da &#8220;Bar\u0131\u015f ve \u0130stikrar Yolunda \u0130\u015f Birli\u011fi: T\u00fcrk-Suriye Karde\u015fli\u011fi&#8221; ba\u015fl\u0131kl\u0131 bir panel d\u00fczenledi.<\/p>\n<p style=\"text-align: justify;\"><img loading=\"lazy\" decoding=\"async\" class=\"size-full wp-image-325023 alignright\" src=\"http:\/\/sana.sy\/tr\/wp-content\/uploads\/2025\/07\/1-7.jpg\" alt=\"\" width=\"300\" height=\"185\" \/>Cumhurba\u015fkanl\u0131\u011f\u0131 \u0130leti\u015fim Ba\u015fkan\u0131 Fahrettin Altun, panel s\u0131ras\u0131nda kendisi\u00a0ad\u0131na okunan yaz\u0131l\u0131 mesaj\u0131nda, T\u00fcrkiye ile Suriye aras\u0131ndaki ili\u015fkinin, sadece co\u011frafi bir yak\u0131nl\u0131ktan ibaret olmad\u0131\u011f\u0131n\u0131 vurgulayarak, bu ili\u015fkinin k\u00fclt\u00fcrel, dini ve tarihi ba\u011flarla yo\u011frulmu\u015f, kalpten kalbe kurulmu\u015f bir karde\u015flik oldu\u011funu belirtti.<\/p>\n<p style=\"text-align: justify;\">Altun, T\u00fcrkiye\u2019nin Suriyelilere y\u00f6nelik insani yard\u0131mlar\u0131n\u0131 hi\u00e7bir zaman durdurmad\u0131\u011f\u0131n\u0131 ve Ankara\u2019n\u0131n Suriye halk\u0131n\u0131n gelece\u011fini yeniden in\u015fa etme s\u00fcrecinde yan\u0131nda oldu\u011funu ve olmaya devam edece\u011fini vurgulayarak, Suriye halk\u0131n\u0131n kaderini tayin etme hakk\u0131n\u0131n yaln\u0131zca kendisine ait oldu\u011funa i\u015faret etti.<\/p>\n<p style=\"text-align: justify;\">T\u00fcrkiye\u2019nin, \u015eam\u2019daki b\u00fcy\u00fckel\u00e7ili\u011fini ve Halep\u2019teki ba\u015fkonsoloslu\u011funu yeniden a\u00e7arak, T\u00fcrk Hava Yollar\u0131 seferlerini ba\u015flatarak, diplomatik temsil d\u00fczeyini ve ikili i\u015f birli\u011fini art\u0131rarak Suriye h\u00fck\u00fcmetini desteklemek i\u00e7in somut ad\u0131mlar att\u0131\u011f\u0131n\u0131 vurgulayan Altun, ayr\u0131ca Suriye Enformasyon Bakanl\u0131\u011f\u0131 ile koordinasyon i\u00e7inde medya i\u015f birli\u011fini g\u00fc\u00e7lendirmeye y\u00f6nelik \u00e7al\u0131\u015fmalar y\u00fcr\u00fct\u00fcld\u00fc\u011f\u00fcn\u00fc ve medya dezenformasyonu kampanyalar\u0131yla m\u00fccadele edilmesi gerekti\u011fini ifade etti.<\/p>\n<p style=\"text-align: justify;\"><span style=\"color: #0000ff;\">Suriye \u0130\u00e7in Yeni Ufuklar<\/span><\/p>\n<p style=\"text-align: justify;\">T\u00fcrkiye\u2019nin \u015eam Maslahatg\u00fczar\u0131 B\u00fcy\u00fckel\u00e7i Burhan K\u00f6ro\u011flu, yapt\u0131\u011f\u0131 konu\u015fmada, 8 Aral\u0131k&#8217;ta Suriye halk\u0131n\u0131n kazand\u0131\u011f\u0131 zaferlerin, devrik rejimden kurtulmu\u015f \u00f6zg\u00fcr bir Suriye y\u00f6n\u00fcnde yeni umut kap\u0131lar\u0131 aralad\u0131\u011f\u0131n\u0131 belirtti.<\/p>\n<p style=\"text-align: justify;\"><img loading=\"lazy\" decoding=\"async\" class=\"size-full wp-image-325029 alignright\" src=\"http:\/\/sana.sy\/tr\/wp-content\/uploads\/2025\/07\/2-9.jpg\" alt=\"\" width=\"300\" height=\"173\" \/>B\u00fcy\u00fckel\u00e7i K\u00f6ro\u011flu, Suriye\u2019nin d\u00fcnyan\u0131n d\u00f6rt bir yan\u0131na yay\u0131lm\u0131\u015f insan kaynaklar\u0131, benzersiz co\u011frafyas\u0131 ve basiretli liderli\u011fi ile k\u0131sa s\u00fcrede y\u0131k\u0131m\u0131 ve ac\u0131lar\u0131 geride b\u0131rakabilecek kapasiteye sahip oldu\u011funu ve halk\u0131n beklentilerine uygun bir siyasi yap\u0131 in\u015fa edebilece\u011fini vurgulad\u0131.<\/p>\n<p style=\"text-align: justify;\">K\u00f6ro\u011flu ayr\u0131ca, SANA\u2019ya yapt\u0131\u011f\u0131 a\u00e7\u0131klamada, panelde yeni Suriye\u2019nin in\u015fas\u0131nda izlenmesi gereken \u00e7er\u00e7eveleri ve odaklan\u0131lmas\u0131 gereken alanlar\u0131, ekonomiden k\u00fclt\u00fcre ve baz\u0131 siyasi meselelere kadar ele ald\u0131\u011f\u0131n\u0131 belirterek, T\u00fcrkiye ile Suriye\u2019nin ortak bir co\u011frafya, tarih ve k\u00fclt\u00fcr\u00fc payla\u015ft\u0131klar\u0131n\u0131, ayn\u0131 zamanda bir\u00e7ok \u00fclkenin \u00e7\u0131karlar\u0131na sahne olan Orta Do\u011fu\u2019da ortak tehditlerle kar\u015f\u0131 kar\u015f\u0131ya olduklar\u0131n\u0131 ve ticaret ile sanayi alanlar\u0131nda iki \u00fclke aras\u0131nda ortak f\u0131rsatlar bulundu\u011funu ifade etti.<\/p>\n<p style=\"text-align: justify;\"><span style=\"color: #0000ff;\"><strong>Suriye-T\u00fcrkiye \u0130li\u015fkileri Co\u011frafyan\u0131n \u00d6tesinde<\/strong><\/span><\/p>\n<p style=\"text-align: justify;\">Halk Meclisi Y\u00fcksek Se\u00e7im Komisyonu \u00dcyesi Hasan El Da\u011fim, yapt\u0131\u011f\u0131 konu\u015fmada, Suriye ile T\u00fcrkiye aras\u0131ndaki ili\u015fkinin sadece co\u011frafi s\u0131n\u0131rlar\u0131 ya da dar siyasi \u00e7\u0131karlar\u0131 a\u015fan, k\u00f6kleri ge\u00e7mi\u015fe dayanan ve gelece\u011fe uzanan bir ba\u011f oldu\u011funu ifade ederek, T\u00fcrkiye\u2019nin devrim y\u0131llar\u0131nda Suriye halk\u0131n\u0131n yan\u0131nda yer ald\u0131\u011f\u0131n\u0131, \u00f6zg\u00fcrle\u015fme an\u0131ndan itibaren deste\u011fini s\u00fcrd\u00fcrd\u00fc\u011f\u00fcne dikkat \u00e7ekti.<\/p>\n<p style=\"text-align: justify;\"><img loading=\"lazy\" decoding=\"async\" class=\"size-full wp-image-325028 alignright\" src=\"http:\/\/sana.sy\/tr\/wp-content\/uploads\/2025\/07\/3-6.jpg\" alt=\"\" width=\"300\" height=\"193\" \/>El Da\u011fim ayr\u0131ca, Bug\u00fcn \u00f6zg\u00fcr Suriye\u2019nin yaln\u0131zca b\u00f6lgesine de\u011fil, t\u00fcm d\u00fcnyaya geri d\u00f6nd\u00fc\u011f\u00fcn\u00fc, T\u00fcrkiye\u2019de e\u011fitim alan Suriyeli \u00f6\u011frencilerin \u00fclkelerinde bar\u0131\u015f ve kalk\u0131nman\u0131n el\u00e7ileri olacaklar\u0131n\u0131 vurgulad\u0131.<\/p>\n<p style=\"text-align: justify;\">K\u0131r\u015fehir Ahi Evran \u00dcniversitesi \u00f6\u011fretim \u00fcyesi Do\u00e7. Dr. Burak G\u00fcne\u015f, bu a\u015faman\u0131n Suriye i\u00e7in son derece \u00f6nemli oldu\u011funu ifade ederek, T\u00fcrkiye ile Suriye\u2019nin dost iki \u00fclke oldu\u011funu ve bu dostlu\u011fu peki\u015ftirmek i\u00e7in temel ad\u0131mlar at\u0131lmas\u0131, daha geni\u015f ileti\u015fim ve temas kanallar\u0131n\u0131n a\u00e7\u0131lmas\u0131 gerekti\u011fini belirtti.<\/p>\n<p style=\"text-align: justify;\">\u00a0Dr. G\u00fcne\u015f ayr\u0131ca, medya ve ileti\u015fim alanlar\u0131nda i\u015f birli\u011finin yo\u011funla\u015ft\u0131r\u0131lmas\u0131n\u0131n yan\u0131 s\u0131ra, \u00f6zellikle dezenformasyonla m\u00fccadele konusunda bakanl\u0131klar aras\u0131 ili\u015fkilerin g\u00fc\u00e7lendirilmesinin \u00f6nemine i\u015faret etti.<\/p>\n<p style=\"text-align: justify;\"><span style=\"color: #0000ff;\"><strong>Suriye Bir Kav\u015fakta<\/strong><\/span><\/p>\n<p style=\"text-align: justify;\"><img loading=\"lazy\" decoding=\"async\" class=\"size-full wp-image-325027 alignright\" src=\"http:\/\/sana.sy\/tr\/wp-content\/uploads\/2025\/07\/4-4.jpg\" alt=\"\" width=\"300\" height=\"191\" \/>Harmoon \u00c7a\u011fda\u015f \u00c7al\u0131\u015fmalar Merkezi Genel M\u00fcd\u00fcr\u00fc Samir Seifan, Suriye\u2019nin bug\u00fcn ekonomik olarak bir kav\u015fakta bulundu\u011funu ve gelecekte izleyece\u011fi y\u00f6n\u00fcn belirlenmesi gerekti\u011fini vurgulayarak, eski rejim d\u00f6nemindeki ekonomik yap\u0131n\u0131n sosyalist olmad\u0131\u011f\u0131n\u0131, sosyalizm, serbest piyasa, Baas ekonomisi ve iktidar s\u0131n\u0131f\u0131n\u0131n bir kar\u0131\u015f\u0131m\u0131 oldu\u011funu ifade etti.<\/p>\n<p style=\"text-align: justify;\">Seifan ayr\u0131ca, sava\u015f sonras\u0131 d\u00f6nemde ekonomik sistemin yeniden yap\u0131land\u0131r\u0131lmas\u0131, \u00f6zel sekt\u00f6r\u00fcn ve yabanc\u0131 yat\u0131r\u0131mlar\u0131n rol\u00fcn\u00fcn belirlenmesi gerekti\u011fini belirterek, devletin yeni ekonomi s\u00fcrecinde etkin bir rol oynamas\u0131 gerekti\u011fini, bu ama\u00e7la net yasal \u00e7er\u00e7eveler ve politikalarla yeni ekonomik yap\u0131n\u0131n, devlet destek alanlar\u0131n\u0131n ve gelir da\u011f\u0131l\u0131m\u0131 adaletinin tan\u0131mlanmas\u0131, ayr\u0131ca yeniden in\u015fa s\u00fcrecinden sorumlu taraflar\u0131n belirlenmesinin \u015fart oldu\u011funu ifade etti.<\/p>\n<p style=\"text-align: justify;\">Panel \u00a0kapsam\u0131nda da \u201cSuriye Krizi: T\u00fcrk Bar\u0131\u015f Diplomasisi\u201d ba\u015fl\u0131kl\u0131 bir belgesel film g\u00f6sterimi ger\u00e7ekle\u015ftirildi.<\/p>\n<div id='gallery-1' class='gallery galleryid-325019 gallery-columns-3 gallery-size-full'><figure class='gallery-item'>\n\t\t\t<div class='gallery-icon landscape'>\n\t\t\t\t<a href='https:\/\/archive.sana.sy\/tr\/wp-content\/uploads\/2025\/07\/2L7A1644-scaled-1.jpg'><img loading=\"lazy\" decoding=\"async\" width=\"2560\" height=\"1665\" src=\"https:\/\/archive.sana.sy\/tr\/wp-content\/uploads\/2025\/07\/2L7A1644-scaled-1.jpg\" class=\"attachment-full size-full\" alt=\"\" srcset=\"https:\/\/archive.sana.sy\/tr\/wp-content\/uploads\/2025\/07\/2L7A1644-scaled-1.jpg 2560w, https:\/\/archive.sana.sy\/tr\/wp-content\/uploads\/2025\/07\/2L7A1644-scaled-1-300x195.jpg 300w, https:\/\/archive.sana.sy\/tr\/wp-content\/uploads\/2025\/07\/2L7A1644-scaled-1-1024x666.jpg 1024w, https:\/\/archive.sana.sy\/tr\/wp-content\/uploads\/2025\/07\/2L7A1644-scaled-1-768x500.jpg 768w, https:\/\/archive.sana.sy\/tr\/wp-content\/uploads\/2025\/07\/2L7A1644-scaled-1-1536x999.jpg 1536w, https:\/\/archive.sana.sy\/tr\/wp-content\/uploads\/2025\/07\/2L7A1644-scaled-1-2048x1332.jpg 2048w\" sizes=\"auto, (max-width: 2560px) 100vw, 2560px\" \/><\/a>\n\t\t\t<\/div><\/figure><figure class='gallery-item'>\n\t\t\t<div class='gallery-icon landscape'>\n\t\t\t\t<a href='https:\/\/archive.sana.sy\/tr\/wp-content\/uploads\/2025\/07\/2L7A1669-scaled-1.jpg'><img loading=\"lazy\" decoding=\"async\" width=\"2560\" height=\"1601\" src=\"https:\/\/archive.sana.sy\/tr\/wp-content\/uploads\/2025\/07\/2L7A1669-scaled-1.jpg\" class=\"attachment-full size-full\" alt=\"\" srcset=\"https:\/\/archive.sana.sy\/tr\/wp-content\/uploads\/2025\/07\/2L7A1669-scaled-1.jpg 2560w, https:\/\/archive.sana.sy\/tr\/wp-content\/uploads\/2025\/07\/2L7A1669-scaled-1-300x188.jpg 300w, https:\/\/archive.sana.sy\/tr\/wp-content\/uploads\/2025\/07\/2L7A1669-scaled-1-1024x640.jpg 1024w, https:\/\/archive.sana.sy\/tr\/wp-content\/uploads\/2025\/07\/2L7A1669-scaled-1-768x480.jpg 768w, https:\/\/archive.sana.sy\/tr\/wp-content\/uploads\/2025\/07\/2L7A1669-scaled-1-1536x961.jpg 1536w, https:\/\/archive.sana.sy\/tr\/wp-content\/uploads\/2025\/07\/2L7A1669-scaled-1-2048x1281.jpg 2048w\" sizes=\"auto, (max-width: 2560px) 100vw, 2560px\" \/><\/a>\n\t\t\t<\/div><\/figure><figure class='gallery-item'>\n\t\t\t<div class='gallery-icon landscape'>\n\t\t\t\t<a href='https:\/\/archive.sana.sy\/tr\/wp-content\/uploads\/2025\/07\/2L7A1679-scaled-1.jpg'><img loading=\"lazy\" decoding=\"async\" width=\"2560\" height=\"1632\" src=\"https:\/\/archive.sana.sy\/tr\/wp-content\/uploads\/2025\/07\/2L7A1679-scaled-1.jpg\" class=\"attachment-full size-full\" alt=\"\" srcset=\"https:\/\/archive.sana.sy\/tr\/wp-content\/uploads\/2025\/07\/2L7A1679-scaled-1.jpg 2560w, https:\/\/archive.sana.sy\/tr\/wp-content\/uploads\/2025\/07\/2L7A1679-scaled-1-300x191.jpg 300w, https:\/\/archive.sana.sy\/tr\/wp-content\/uploads\/2025\/07\/2L7A1679-scaled-1-1024x653.jpg 1024w, https:\/\/archive.sana.sy\/tr\/wp-content\/uploads\/2025\/07\/2L7A1679-scaled-1-768x490.jpg 768w, https:\/\/archive.sana.sy\/tr\/wp-content\/uploads\/2025\/07\/2L7A1679-scaled-1-1536x979.jpg 1536w, https:\/\/archive.sana.sy\/tr\/wp-content\/uploads\/2025\/07\/2L7A1679-scaled-1-2048x1306.jpg 2048w\" sizes=\"auto, (max-width: 2560px) 100vw, 2560px\" \/><\/a>\n\t\t\t<\/div><\/figure>\n\t\t<\/div>\n\n","protected":false},"excerpt":{"rendered":"<p>\u015eAM (SANA) &#8211; T\u00fcrkiye Cumhurba\u015fkanl\u0131\u011f\u0131 \u0130leti\u015fim Ba\u015fkanl\u0131\u011f\u0131, gelecekte farkl\u0131 alanlarda ili\u015fkilerin derinle\u015ftirilmesi yollar\u0131na dair g\u00f6r\u00fc\u015f al\u0131\u015fveri\u015finde bulunmak, Suriye&#8217;de refah\u0131n art\u0131r\u0131lmas\u0131na y\u00f6nelik at\u0131labilecek ad\u0131mlar\u0131 vurgulamak ve toplumsal bar\u0131\u015f\u0131n yeniden in\u015fas\u0131n\u0131 ele almak amac\u0131yla \u015eam&#8217;da &#8220;Bar\u0131\u015f ve \u0130stikrar Yolunda \u0130\u015f Birli\u011fi: T\u00fcrk-Suriye Karde\u015fli\u011fi&#8221; ba\u015fl\u0131kl\u0131 bir panel d\u00fczenledi. Cumhurba\u015fkanl\u0131\u011f\u0131 \u0130leti\u015fim Ba\u015fkan\u0131 Fahrettin Altun, panel s\u0131ras\u0131nda kendisi\u00a0ad\u0131na okunan yaz\u0131l\u0131 &hellip;<\/p>\n","protected":false},"author":39,"featured_media":325020,"comment_status":"closed","ping_status":"closed","sticky":false,"template":"","format":"standard","meta":{"footnotes":""},"categories":[589,479,17988,2554,2555,478],"tags":[],"class_list":["post-325019","post","type-post","status-publish","format-standard","has-post-thumbnail","","category-haber-seridi","category-haberler-yerel","category-son-haberler","category-suriye-ve-dunya","category-suriye-ve-turkiye","category-yerel"],"_links":{"self":[{"href":"https:\/\/archive.sana.sy\/tr\/index.php?rest_route=\/wp\/v2\/posts\/325019","targetHints":{"allow":["GET"]}}],"collection":[{"href":"https:\/\/archive.sana.sy\/tr\/index.php?rest_route=\/wp\/v2\/posts"}],"about":[{"href":"https:\/\/archive.sana.sy\/tr\/index.php?rest_route=\/wp\/v2\/types\/post"}],"author":[{"embeddable":true,"href":"https:\/\/archive.sana.sy\/tr\/index.php?rest_route=\/wp\/v2\/users\/39"}],"replies":[{"embeddable":true,"href":"https:\/\/archive.sana.sy\/tr\/index.php?rest_route=%2Fwp%2Fv2%2Fcomments&post=325019"}],"version-history":[{"count":3,"href":"https:\/\/archive.sana.sy\/tr\/index.php?rest_route=\/wp\/v2\/posts\/325019\/revisions"}],"predecessor-version":[{"id":325035,"href":"https:\/\/archive.sana.sy\/tr\/index.php?rest_route=\/wp\/v2\/posts\/325019\/revisions\/325035"}],"wp:featuredmedia":[{"embeddable":true,"href":"https:\/\/archive.sana.sy\/tr\/index.php?rest_route=\/wp\/v2\/media\/325020"}],"wp:attachment":[{"href":"https:\/\/archive.sana.sy\/tr\/index.php?rest_route=%2Fwp%2Fv2%2Fmedia&parent=325019"}],"wp:term":[{"taxonomy":"category","embeddable":true,"href":"https:\/\/archive.sana.sy\/tr\/index.php?rest_route=%2Fwp%2Fv2%2Fcategories&post=325019"},{"taxonomy":"post_tag","embeddable":true,"href":"https:\/\/archive.sana.sy\/tr\/index.php?rest_route=%2Fwp%2Fv2%2Ftags&post=325019"}],"curies":[{"name":"wp","href":"https:\/\/api.w.org\/{rel}","templated":true}]}}