{"id":325043,"date":"2025-07-09T11:57:55","date_gmt":"2025-07-09T08:57:55","guid":{"rendered":"https:\/\/sana.sy\/tr\/?p=325043"},"modified":"2025-07-09T16:06:01","modified_gmt":"2025-07-09T13:06:01","slug":"enformasyon-bakani-bonn-uluslararasi-forumu-kapsaminda-gazetecileri-koruma-komitesinde-uluslararasi-iliskiler-direktoru-ile-bir-araya-geldi","status":"publish","type":"post","link":"https:\/\/archive.sana.sy\/tr\/?p=325043","title":{"rendered":"Enformasyon Bakan\u0131, Bonn Uluslararas\u0131 Forumu Kapsam\u0131nda Gazetecileri Koruma Komitesi&#8217;nde Uluslararas\u0131 \u0130li\u015fkiler Direkt\u00f6r\u00fc \u0130le Bir Araya Geldi"},"content":{"rendered":"<p style=\"text-align: justify;\"><strong><span style=\"color: #ff0000;\">BONN (SANA)<\/span> &#8211; <\/strong>Suriye Enformasyon Bakan\u0131 Dr. Hamza El Mustafa, Bonn Uluslararas\u0131 Medya Forumu&#8217;na kat\u0131l\u0131m\u0131 s\u0131ras\u0131nda Gazetecileri Koruma Komitesi &#8220;CPJ&#8221; Uluslararas\u0131 \u0130li\u015fkiler Direkt\u00f6r\u00fc Gypsy Guillen-Kaiser ile bir araya geldi.<\/p>\n<p style=\"text-align: justify;\">\u0130ki taraf, gazetecilerin korunmas\u0131na ili\u015fkin bir dizi konuda i\u015fbirli\u011fi olanaklar\u0131n\u0131 ele alarak, Bakanl\u0131\u011f\u0131n Suriye&#8217;de medya \u00e7al\u0131\u015fmalar\u0131 i\u00e7in g\u00fcvenli bir ortam yaratma ve bas\u0131n \u00f6zg\u00fcrl\u00fc\u011f\u00fcyle ilgili uluslararas\u0131 kurulu\u015flarla ortakl\u0131klar\u0131 geni\u015fletme \u00e7abalar\u0131n\u0131 g\u00f6zden ge\u00e7irdi.<\/p>\n<div id='gallery-1' class='gallery galleryid-325043 gallery-columns-2 gallery-size-full'><figure class='gallery-item'>\n\t\t\t<div class='gallery-icon landscape'>\n\t\t\t\t<a href='https:\/\/archive.sana.sy\/tr\/wp-content\/uploads\/2025\/07\/9999.jpg'><img loading=\"lazy\" decoding=\"async\" width=\"150\" height=\"150\" src=\"https:\/\/archive.sana.sy\/tr\/wp-content\/uploads\/2025\/07\/9999.jpg\" class=\"attachment-full size-full\" alt=\"\" \/><\/a>\n\t\t\t<\/div><\/figure><figure class='gallery-item'>\n\t\t\t<div class='gallery-icon landscape'>\n\t\t\t\t<a href='https:\/\/archive.sana.sy\/tr\/wp-content\/uploads\/2025\/07\/88888.jpg'><img loading=\"lazy\" decoding=\"async\" width=\"150\" height=\"150\" src=\"https:\/\/archive.sana.sy\/tr\/wp-content\/uploads\/2025\/07\/88888.jpg\" class=\"attachment-full size-full\" alt=\"\" \/><\/a>\n\t\t\t<\/div><\/figure>\n\t\t<\/div>\n\n","protected":false},"excerpt":{"rendered":"<p>BONN (SANA) &#8211; Suriye Enformasyon Bakan\u0131 Dr. Hamza El Mustafa, Bonn Uluslararas\u0131 Medya Forumu&#8217;na kat\u0131l\u0131m\u0131 s\u0131ras\u0131nda Gazetecileri Koruma Komitesi &#8220;CPJ&#8221; Uluslararas\u0131 \u0130li\u015fkiler Direkt\u00f6r\u00fc Gypsy Guillen-Kaiser ile bir araya geldi. \u0130ki taraf, gazetecilerin korunmas\u0131na ili\u015fkin bir dizi konuda i\u015fbirli\u011fi olanaklar\u0131n\u0131 ele alarak, Bakanl\u0131\u011f\u0131n Suriye&#8217;de medya \u00e7al\u0131\u015fmalar\u0131 i\u00e7in g\u00fcvenli bir ortam yaratma ve bas\u0131n \u00f6zg\u00fcrl\u00fc\u011f\u00fcyle ilgili uluslararas\u0131 &hellip;<\/p>\n","protected":false},"author":39,"featured_media":325044,"comment_status":"closed","ping_status":"closed","sticky":false,"template":"","format":"standard","meta":{"footnotes":""},"categories":[458,589,459,17988],"tags":[],"class_list":["post-325043","post","type-post","status-publish","format-standard","has-post-thumbnail","","category-dunya1","category-haber-seridi","category-haberler-arap-uluslararasi-politika","category-son-haberler"],"_links":{"self":[{"href":"https:\/\/archive.sana.sy\/tr\/index.php?rest_route=\/wp\/v2\/posts\/325043","targetHints":{"allow":["GET"]}}],"collection":[{"href":"https:\/\/archive.sana.sy\/tr\/index.php?rest_route=\/wp\/v2\/posts"}],"about":[{"href":"https:\/\/archive.sana.sy\/tr\/index.php?rest_route=\/wp\/v2\/types\/post"}],"author":[{"embeddable":true,"href":"https:\/\/archive.sana.sy\/tr\/index.php?rest_route=\/wp\/v2\/users\/39"}],"replies":[{"embeddable":true,"href":"https:\/\/archive.sana.sy\/tr\/index.php?rest_route=%2Fwp%2Fv2%2Fcomments&post=325043"}],"version-history":[{"count":2,"href":"https:\/\/archive.sana.sy\/tr\/index.php?rest_route=\/wp\/v2\/posts\/325043\/revisions"}],"predecessor-version":[{"id":325086,"href":"https:\/\/archive.sana.sy\/tr\/index.php?rest_route=\/wp\/v2\/posts\/325043\/revisions\/325086"}],"wp:featuredmedia":[{"embeddable":true,"href":"https:\/\/archive.sana.sy\/tr\/index.php?rest_route=\/wp\/v2\/media\/325044"}],"wp:attachment":[{"href":"https:\/\/archive.sana.sy\/tr\/index.php?rest_route=%2Fwp%2Fv2%2Fmedia&parent=325043"}],"wp:term":[{"taxonomy":"category","embeddable":true,"href":"https:\/\/archive.sana.sy\/tr\/index.php?rest_route=%2Fwp%2Fv2%2Fcategories&post=325043"},{"taxonomy":"post_tag","embeddable":true,"href":"https:\/\/archive.sana.sy\/tr\/index.php?rest_route=%2Fwp%2Fv2%2Ftags&post=325043"}],"curies":[{"name":"wp","href":"https:\/\/api.w.org\/{rel}","templated":true}]}}