{"id":325058,"date":"2025-07-09T13:32:21","date_gmt":"2025-07-09T10:32:21","guid":{"rendered":"https:\/\/sana.sy\/tr\/?p=325058"},"modified":"2025-07-09T16:04:56","modified_gmt":"2025-07-09T13:04:56","slug":"bakan-el-saar-isvec-maslahatguzari-ile-ekonomik-iliskilerin-gelistirilmesini-gorustu","status":"publish","type":"post","link":"https:\/\/archive.sana.sy\/tr\/?p=325058","title":{"rendered":"Ekonomi ve Sanayi Bakan\u0131, \u0130sve\u00e7 Maslahatg\u00fczar\u0131 \u0130le Ekonomik \u0130li\u015fkilerin Geli\u015ftirilmesini G\u00f6r\u00fc\u015ft\u00fc"},"content":{"rendered":"<p style=\"text-align: justify;\"><strong><span style=\"color: #ff0000;\">\u015eAM (SANA)<\/span> &#8211; <\/strong>Suriye Ekonomi ve Sanayi Bakan\u0131 Dr. Muhammad Nidal El \u015eaar, \u0130sve\u00e7 \u015eam B\u00fcy\u00fckel\u00e7ili\u011fi Maslahatg\u00fczar\u0131 Jessica Svardstr\u00f6m ile iki \u00fclke aras\u0131ndaki ekonomik ili\u015fkilerin geli\u015ftirilmesi ve \u00e7e\u015fitli i\u015f birli\u011fi alanlar\u0131n\u0131n geni\u015fletilmesi yollar\u0131n\u0131 g\u00f6r\u00fc\u015ft\u00fc.<\/p>\n<p style=\"text-align: justify;\">G\u00f6r\u00fc\u015fmede, iki \u00fclke aras\u0131ndaki ticaret ve yat\u0131r\u0131m al\u0131\u015fveri\u015finin canland\u0131r\u0131lmas\u0131 gereklili\u011fi ele al\u0131nd\u0131 ve \u0130sve\u00e7li \u015firketlerin, \u00f6zellikle yeniden yap\u0131lanma ve ekonomik altyap\u0131n\u0131n iyile\u015ftirilmesiyle ilgili hayati sekt\u00f6rlerde Suriye i\u00e7indeki kalk\u0131nma projelerine katk\u0131da bulunma olas\u0131l\u0131\u011f\u0131 de\u011ferlendirildi.<\/p>\n<p style=\"text-align: justify;\">Taraflar ayr\u0131ca, Suriyelilerin yurt d\u0131\u015f\u0131ndan d\u00f6n\u00fc\u015flerini h\u0131zland\u0131rmaya, i\u015f imkanlar\u0131 sa\u011flamaya ve s\u00fcrd\u00fcr\u00fclebilir kalk\u0131nma yoluyla toplumsal istikrar\u0131 desteklemeye katk\u0131da bulunan te\u015fvik edici bir ekonomik ortam yaratman\u0131n \u00f6nemini vurgulad\u0131lar.<\/p>\n<p style=\"text-align: justify;\">Bakan El \u015eaar, Suriye&#8217;nin ekonomik kalk\u0131nmay\u0131 destekleyen t\u00fcm uluslararas\u0131 giri\u015fimlere a\u00e7\u0131k oldu\u011funu vurgulayarak, i\u015fbirli\u011fine ciddi bir istek g\u00f6steren \u00fclkelerle dengeli ortakl\u0131klar kurman\u0131n \u00f6nemine i\u015faret etti.<\/p>\n<p style=\"text-align: justify;\">Kendi y\u00f6n\u00fcnden Svardstr\u00f6m, \u0130sve\u00e7&#8217;in Suriye ile ekonomik i\u015f birli\u011fi f\u0131rsatlar\u0131n\u0131 de\u011ferlendirmeye ilgi duydu\u011funu dile getirerek, \u00fclkesinin, ister kamu ister \u00f6zel sekt\u00f6r arac\u0131l\u0131\u011f\u0131yla olsun, Suriye&#8217;de istikrar ve kalk\u0131nmay\u0131 art\u0131racak her t\u00fcrl\u00fc pratik ad\u0131ma olumlu bakt\u0131\u011f\u0131n\u0131 vurgulad\u0131.<\/p>\n","protected":false},"excerpt":{"rendered":"<p>\u015eAM (SANA) &#8211; Suriye Ekonomi ve Sanayi Bakan\u0131 Dr. Muhammad Nidal El \u015eaar, \u0130sve\u00e7 \u015eam B\u00fcy\u00fckel\u00e7ili\u011fi Maslahatg\u00fczar\u0131 Jessica Svardstr\u00f6m ile iki \u00fclke aras\u0131ndaki ekonomik ili\u015fkilerin geli\u015ftirilmesi ve \u00e7e\u015fitli i\u015f birli\u011fi alanlar\u0131n\u0131n geni\u015fletilmesi yollar\u0131n\u0131 g\u00f6r\u00fc\u015ft\u00fc. G\u00f6r\u00fc\u015fmede, iki \u00fclke aras\u0131ndaki ticaret ve yat\u0131r\u0131m al\u0131\u015fveri\u015finin canland\u0131r\u0131lmas\u0131 gereklili\u011fi ele al\u0131nd\u0131 ve \u0130sve\u00e7li \u015firketlerin, \u00f6zellikle yeniden yap\u0131lanma ve ekonomik altyap\u0131n\u0131n &hellip;<\/p>\n","protected":false},"author":39,"featured_media":325059,"comment_status":"closed","ping_status":"closed","sticky":false,"template":"","format":"standard","meta":{"footnotes":""},"categories":[589,479,17988,478],"tags":[],"class_list":["post-325058","post","type-post","status-publish","format-standard","has-post-thumbnail","","category-haber-seridi","category-haberler-yerel","category-son-haberler","category-yerel"],"_links":{"self":[{"href":"https:\/\/archive.sana.sy\/tr\/index.php?rest_route=\/wp\/v2\/posts\/325058","targetHints":{"allow":["GET"]}}],"collection":[{"href":"https:\/\/archive.sana.sy\/tr\/index.php?rest_route=\/wp\/v2\/posts"}],"about":[{"href":"https:\/\/archive.sana.sy\/tr\/index.php?rest_route=\/wp\/v2\/types\/post"}],"author":[{"embeddable":true,"href":"https:\/\/archive.sana.sy\/tr\/index.php?rest_route=\/wp\/v2\/users\/39"}],"replies":[{"embeddable":true,"href":"https:\/\/archive.sana.sy\/tr\/index.php?rest_route=%2Fwp%2Fv2%2Fcomments&post=325058"}],"version-history":[{"count":3,"href":"https:\/\/archive.sana.sy\/tr\/index.php?rest_route=\/wp\/v2\/posts\/325058\/revisions"}],"predecessor-version":[{"id":325085,"href":"https:\/\/archive.sana.sy\/tr\/index.php?rest_route=\/wp\/v2\/posts\/325058\/revisions\/325085"}],"wp:featuredmedia":[{"embeddable":true,"href":"https:\/\/archive.sana.sy\/tr\/index.php?rest_route=\/wp\/v2\/media\/325059"}],"wp:attachment":[{"href":"https:\/\/archive.sana.sy\/tr\/index.php?rest_route=%2Fwp%2Fv2%2Fmedia&parent=325058"}],"wp:term":[{"taxonomy":"category","embeddable":true,"href":"https:\/\/archive.sana.sy\/tr\/index.php?rest_route=%2Fwp%2Fv2%2Fcategories&post=325058"},{"taxonomy":"post_tag","embeddable":true,"href":"https:\/\/archive.sana.sy\/tr\/index.php?rest_route=%2Fwp%2Fv2%2Ftags&post=325058"}],"curies":[{"name":"wp","href":"https:\/\/api.w.org\/{rel}","templated":true}]}}