{"id":325062,"date":"2025-07-09T14:04:20","date_gmt":"2025-07-09T11:04:20","guid":{"rendered":"https:\/\/sana.sy\/tr\/?p=325062"},"modified":"2025-07-09T16:04:13","modified_gmt":"2025-07-09T13:04:13","slug":"avrupa-birligi-suriyedeki-yangin-sondurme-calismalarina-destek-olmak-amaciyla-copernicus-sistemini-devreye-sokuyor","status":"publish","type":"post","link":"https:\/\/archive.sana.sy\/tr\/?p=325062","title":{"rendered":"Avrupa Birli\u011fi, Suriye&#8217;deki Yang\u0131n S\u00f6nd\u00fcrme \u00c7al\u0131\u015fmalar\u0131na Destek Olmak Amac\u0131yla \u201cCopernicus\u201d Sistemini Devreye Sokuyor"},"content":{"rendered":"<p style=\"text-align: justify;\"><strong><span style=\"color: #ff0000;\">BR\u00dcKSEL (SANA)<\/span> &#8211;<\/strong> Avrupa Birli\u011fi, Lazkiye k\u0131rsal\u0131nda devam eden yang\u0131nlarla m\u00fccadele \u00e7al\u0131\u015fmalar\u0131n\u0131 desteklemek amac\u0131yla bug\u00fcn \u201cCopernicus\u201d sisteminin devreye al\u0131nd\u0131\u011f\u0131n\u0131 duyurdu.<\/p>\n<p style=\"text-align: justify;\">Avrupa Birli\u011fi&#8217;nin Copernicus\u201d uydusu, felaketler, iklim de\u011fi\u015fikli\u011fi, tar\u0131m ve daha bir\u00e7ok konuyla ilgili verileri i\u015fleyip analiz etmek i\u00e7in \u00e7e\u015fitli uydular kullan\u0131yor ve b\u00f6ylece yararl\u0131 ve g\u00fcvenilir bilgiler olu\u015fturuyor.<\/p>\n<p style=\"text-align: justify;\">Avrupa Birli\u011fi (AB) Komisyonunun E\u015fitlik, Haz\u0131rl\u0131kl\u0131l\u0131k ve Kriz Y\u00f6netiminden sorumlu \u00fcyesi Hadja Lahbib, Twitter&#8217;da yapt\u0131\u011f\u0131 a\u00e7\u0131klamada, &#8220;Suriye&#8217;de devam eden yang\u0131nlar binlerce insan\u0131 yerinden etti ve zorlu insani ko\u015fullar alt\u0131nda hayati hizmetlere ve k\u0131rsal topluluklara ciddi zararlar verdi&#8221; ifadelerini kulland\u0131.<\/p>\n<p style=\"text-align: justify;\">Lahbib ayr\u0131ca, &#8220;Avrupa Birli\u011fi, uydu g\u00f6r\u00fcnt\u00fcleri arac\u0131l\u0131\u011f\u0131yla yerel m\u00fcdahale \u00e7abalar\u0131n\u0131 desteklemek i\u00e7in \u201cCopernicus\u201d hizmetini etkinle\u015ftirdi&#8221; a\u00e7\u0131klad\u0131.<\/p>\n","protected":false},"excerpt":{"rendered":"<p>BR\u00dcKSEL (SANA) &#8211; Avrupa Birli\u011fi, Lazkiye k\u0131rsal\u0131nda devam eden yang\u0131nlarla m\u00fccadele \u00e7al\u0131\u015fmalar\u0131n\u0131 desteklemek amac\u0131yla bug\u00fcn \u201cCopernicus\u201d sisteminin devreye al\u0131nd\u0131\u011f\u0131n\u0131 duyurdu. Avrupa Birli\u011fi&#8217;nin Copernicus\u201d uydusu, felaketler, iklim de\u011fi\u015fikli\u011fi, tar\u0131m ve daha bir\u00e7ok konuyla ilgili verileri i\u015fleyip analiz etmek i\u00e7in \u00e7e\u015fitli uydular kullan\u0131yor ve b\u00f6ylece yararl\u0131 ve g\u00fcvenilir bilgiler olu\u015fturuyor. Avrupa Birli\u011fi (AB) Komisyonunun E\u015fitlik, Haz\u0131rl\u0131kl\u0131l\u0131k ve &hellip;<\/p>\n","protected":false},"author":39,"featured_media":325063,"comment_status":"closed","ping_status":"closed","sticky":false,"template":"","format":"standard","meta":{"footnotes":""},"categories":[458,589,459,17988],"tags":[],"class_list":["post-325062","post","type-post","status-publish","format-standard","has-post-thumbnail","","category-dunya1","category-haber-seridi","category-haberler-arap-uluslararasi-politika","category-son-haberler"],"_links":{"self":[{"href":"https:\/\/archive.sana.sy\/tr\/index.php?rest_route=\/wp\/v2\/posts\/325062","targetHints":{"allow":["GET"]}}],"collection":[{"href":"https:\/\/archive.sana.sy\/tr\/index.php?rest_route=\/wp\/v2\/posts"}],"about":[{"href":"https:\/\/archive.sana.sy\/tr\/index.php?rest_route=\/wp\/v2\/types\/post"}],"author":[{"embeddable":true,"href":"https:\/\/archive.sana.sy\/tr\/index.php?rest_route=\/wp\/v2\/users\/39"}],"replies":[{"embeddable":true,"href":"https:\/\/archive.sana.sy\/tr\/index.php?rest_route=%2Fwp%2Fv2%2Fcomments&post=325062"}],"version-history":[{"count":2,"href":"https:\/\/archive.sana.sy\/tr\/index.php?rest_route=\/wp\/v2\/posts\/325062\/revisions"}],"predecessor-version":[{"id":325084,"href":"https:\/\/archive.sana.sy\/tr\/index.php?rest_route=\/wp\/v2\/posts\/325062\/revisions\/325084"}],"wp:featuredmedia":[{"embeddable":true,"href":"https:\/\/archive.sana.sy\/tr\/index.php?rest_route=\/wp\/v2\/media\/325063"}],"wp:attachment":[{"href":"https:\/\/archive.sana.sy\/tr\/index.php?rest_route=%2Fwp%2Fv2%2Fmedia&parent=325062"}],"wp:term":[{"taxonomy":"category","embeddable":true,"href":"https:\/\/archive.sana.sy\/tr\/index.php?rest_route=%2Fwp%2Fv2%2Fcategories&post=325062"},{"taxonomy":"post_tag","embeddable":true,"href":"https:\/\/archive.sana.sy\/tr\/index.php?rest_route=%2Fwp%2Fv2%2Ftags&post=325062"}],"curies":[{"name":"wp","href":"https:\/\/api.w.org\/{rel}","templated":true}]}}