{"id":325078,"date":"2025-07-09T14:36:11","date_gmt":"2025-07-09T11:36:11","guid":{"rendered":"https:\/\/sana.sy\/tr\/?p=325078"},"modified":"2025-07-09T14:36:11","modified_gmt":"2025-07-09T11:36:11","slug":"unicef-heyeti-lazkiyenin-kuzey-kirsalindaki-yangin-alanini-ziyaret-etti","status":"publish","type":"post","link":"https:\/\/archive.sana.sy\/tr\/?p=325078","title":{"rendered":"UNICEF heyeti, Lazkiye&#8217;nin Kuzey k\u0131rsal\u0131ndaki Yang\u0131n Alan\u0131n\u0131 Ziyaret Etti"},"content":{"rendered":"<p>UNICEF heyeti, Lazkiye&#8217;nin kuzey k\u0131rsal\u0131ndaki yang\u0131n alan\u0131n\u0131 ziyaret etti.<\/p>\n<div id='gallery-1' class='gallery galleryid-325078 gallery-columns-1 gallery-size-full'><figure class='gallery-item'>\n\t\t\t<div class='gallery-icon landscape'>\n\t\t\t\t<a href='https:\/\/archive.sana.sy\/tr\/wp-content\/uploads\/2025\/07\/\u0641\u0641.jpg'><img loading=\"lazy\" decoding=\"async\" width=\"1190\" height=\"891\" src=\"https:\/\/archive.sana.sy\/tr\/wp-content\/uploads\/2025\/07\/\u0641\u0641.jpg\" class=\"attachment-full size-full\" alt=\"\" srcset=\"https:\/\/archive.sana.sy\/tr\/wp-content\/uploads\/2025\/07\/\u0641\u0641.jpg 1190w, https:\/\/archive.sana.sy\/tr\/wp-content\/uploads\/2025\/07\/\u0641\u0641-300x225.jpg 300w, https:\/\/archive.sana.sy\/tr\/wp-content\/uploads\/2025\/07\/\u0641\u0641-1024x767.jpg 1024w, https:\/\/archive.sana.sy\/tr\/wp-content\/uploads\/2025\/07\/\u0641\u0641-768x575.jpg 768w\" sizes=\"auto, (max-width: 1190px) 100vw, 1190px\" \/><\/a>\n\t\t\t<\/div><\/figure><figure class='gallery-item'>\n\t\t\t<div class='gallery-icon landscape'>\n\t\t\t\t<a href='https:\/\/archive.sana.sy\/tr\/wp-content\/uploads\/2025\/07\/\u0641\u0641\u0641.jpg'><img loading=\"lazy\" decoding=\"async\" width=\"1250\" height=\"846\" src=\"https:\/\/archive.sana.sy\/tr\/wp-content\/uploads\/2025\/07\/\u0641\u0641\u0641.jpg\" class=\"attachment-full size-full\" alt=\"\" srcset=\"https:\/\/archive.sana.sy\/tr\/wp-content\/uploads\/2025\/07\/\u0641\u0641\u0641.jpg 1250w, https:\/\/archive.sana.sy\/tr\/wp-content\/uploads\/2025\/07\/\u0641\u0641\u0641-300x203.jpg 300w, https:\/\/archive.sana.sy\/tr\/wp-content\/uploads\/2025\/07\/\u0641\u0641\u0641-1024x693.jpg 1024w, https:\/\/archive.sana.sy\/tr\/wp-content\/uploads\/2025\/07\/\u0641\u0641\u0641-768x520.jpg 768w, https:\/\/archive.sana.sy\/tr\/wp-content\/uploads\/2025\/07\/\u0641\u0641\u0641-110x75.jpg 110w\" sizes=\"auto, (max-width: 1250px) 100vw, 1250px\" \/><\/a>\n\t\t\t<\/div><\/figure><figure class='gallery-item'>\n\t\t\t<div class='gallery-icon landscape'>\n\t\t\t\t<a href='https:\/\/archive.sana.sy\/tr\/wp-content\/uploads\/2025\/07\/\u0641\u0641\u0641\u0641\u0641.jpg'><img loading=\"lazy\" decoding=\"async\" width=\"1127\" height=\"855\" src=\"https:\/\/archive.sana.sy\/tr\/wp-content\/uploads\/2025\/07\/\u0641\u0641\u0641\u0641\u0641.jpg\" class=\"attachment-full size-full\" alt=\"\" srcset=\"https:\/\/archive.sana.sy\/tr\/wp-content\/uploads\/2025\/07\/\u0641\u0641\u0641\u0641\u0641.jpg 1127w, https:\/\/archive.sana.sy\/tr\/wp-content\/uploads\/2025\/07\/\u0641\u0641\u0641\u0641\u0641-300x228.jpg 300w, https:\/\/archive.sana.sy\/tr\/wp-content\/uploads\/2025\/07\/\u0641\u0641\u0641\u0641\u0641-1024x777.jpg 1024w, https:\/\/archive.sana.sy\/tr\/wp-content\/uploads\/2025\/07\/\u0641\u0641\u0641\u0641\u0641-768x583.jpg 768w\" sizes=\"auto, (max-width: 1127px) 100vw, 1127px\" \/><\/a>\n\t\t\t<\/div><\/figure>\n\t\t<\/div>\n\n","protected":false},"excerpt":{"rendered":"<p>UNICEF heyeti, Lazkiye&#8217;nin kuzey k\u0131rsal\u0131ndaki yang\u0131n alan\u0131n\u0131 ziyaret etti.<\/p>\n","protected":false},"author":39,"featured_media":325082,"comment_status":"closed","ping_status":"closed","sticky":false,"template":"","format":"standard","meta":{"footnotes":""},"categories":[596],"tags":[],"class_list":["post-325078","post","type-post","status-publish","format-standard","has-post-thumbnail","","category-fotografli-raporlar"],"_links":{"self":[{"href":"https:\/\/archive.sana.sy\/tr\/index.php?rest_route=\/wp\/v2\/posts\/325078","targetHints":{"allow":["GET"]}}],"collection":[{"href":"https:\/\/archive.sana.sy\/tr\/index.php?rest_route=\/wp\/v2\/posts"}],"about":[{"href":"https:\/\/archive.sana.sy\/tr\/index.php?rest_route=\/wp\/v2\/types\/post"}],"author":[{"embeddable":true,"href":"https:\/\/archive.sana.sy\/tr\/index.php?rest_route=\/wp\/v2\/users\/39"}],"replies":[{"embeddable":true,"href":"https:\/\/archive.sana.sy\/tr\/index.php?rest_route=%2Fwp%2Fv2%2Fcomments&post=325078"}],"version-history":[{"count":1,"href":"https:\/\/archive.sana.sy\/tr\/index.php?rest_route=\/wp\/v2\/posts\/325078\/revisions"}],"predecessor-version":[{"id":325083,"href":"https:\/\/archive.sana.sy\/tr\/index.php?rest_route=\/wp\/v2\/posts\/325078\/revisions\/325083"}],"wp:featuredmedia":[{"embeddable":true,"href":"https:\/\/archive.sana.sy\/tr\/index.php?rest_route=\/wp\/v2\/media\/325082"}],"wp:attachment":[{"href":"https:\/\/archive.sana.sy\/tr\/index.php?rest_route=%2Fwp%2Fv2%2Fmedia&parent=325078"}],"wp:term":[{"taxonomy":"category","embeddable":true,"href":"https:\/\/archive.sana.sy\/tr\/index.php?rest_route=%2Fwp%2Fv2%2Fcategories&post=325078"},{"taxonomy":"post_tag","embeddable":true,"href":"https:\/\/archive.sana.sy\/tr\/index.php?rest_route=%2Fwp%2Fv2%2Ftags&post=325078"}],"curies":[{"name":"wp","href":"https:\/\/api.w.org\/{rel}","templated":true}]}}