{"id":325103,"date":"2025-07-09T18:31:46","date_gmt":"2025-07-09T15:31:46","guid":{"rendered":"https:\/\/sana.sy\/tr\/?p=325103"},"modified":"2025-07-09T20:01:52","modified_gmt":"2025-07-09T17:01:52","slug":"korfez-isbirligi-konseyinden-suriyeye-lazkiye-yanginlari-nedeniyle-destek-mesaji","status":"publish","type":"post","link":"https:\/\/archive.sana.sy\/tr\/?p=325103","title":{"rendered":"K\u00f6rfez \u0130\u015fbirli\u011fi Konseyi&#8217;nden Suriye&#8217;ye Lazkiye Yang\u0131nlar\u0131 Nedeniyle Destek Mesaj\u0131"},"content":{"rendered":"<p style=\"text-align: justify;\"><strong><span style=\"color: #ff0000;\">R\u0130YAD (SANA) &#8211;<\/span> \u00a0<\/strong>K\u00f6rfez \u0130\u015fbirli\u011fi Konseyi Genel Sekreteri Casim bin Muhammed El Budeyvi, Lazkiye ilinde meydana gelen orman yang\u0131nlar\u0131n\u0131n yol a\u00e7t\u0131\u011f\u0131 zararlar ve kay\u0131plar nedeniyle Konsey\u2019in Suriye ve karde\u015f halk\u0131n\u0131n yan\u0131nda oldu\u011funu vurgulad\u0131.<\/p>\n<p style=\"text-align: justify;\">Suudi Arabistan haber ajans\u0131 &#8220;SPA&#8221;n\u0131n aktard\u0131\u011f\u0131na g\u00f6re El Budeyvi, Suriye Arap Cumhuriyeti\u2019ne i\u00e7ten taziyelerini ve dayan\u0131\u015fma duygular\u0131n\u0131 iletti.<\/p>\n<p style=\"text-align: justify;\">El Budeyvi, bu zor insani s\u00fcrecin en k\u0131sa s\u00fcrede atlat\u0131lmas\u0131n\u0131 temenni etti\u011fini ifade ederken, yaral\u0131lara acil \u015fifalar diledi.<\/p>\n<p style=\"text-align: justify;\">El Budeyvi ayr\u0131ca, karde\u015f Suriye halk\u0131n\u0131n bu zorlu\u011fun \u00fcstesinden gelece\u011fine ve g\u00fcvenlik, istikrar ile refah y\u00f6n\u00fcnde kalk\u0131nma ve iyile\u015fme s\u00fcrecini s\u00fcrd\u00fcrece\u011fine olan inanc\u0131n\u0131 dile getirdi.<\/p>\n","protected":false},"excerpt":{"rendered":"<p>R\u0130YAD (SANA) &#8211; \u00a0K\u00f6rfez \u0130\u015fbirli\u011fi Konseyi Genel Sekreteri Casim bin Muhammed El Budeyvi, Lazkiye ilinde meydana gelen orman yang\u0131nlar\u0131n\u0131n yol a\u00e7t\u0131\u011f\u0131 zararlar ve kay\u0131plar nedeniyle Konsey\u2019in Suriye ve karde\u015f halk\u0131n\u0131n yan\u0131nda oldu\u011funu vurgulad\u0131. Suudi Arabistan haber ajans\u0131 &#8220;SPA&#8221;n\u0131n aktard\u0131\u011f\u0131na g\u00f6re El Budeyvi, Suriye Arap Cumhuriyeti\u2019ne i\u00e7ten taziyelerini ve dayan\u0131\u015fma duygular\u0131n\u0131 iletti. El Budeyvi, bu zor &hellip;<\/p>\n","protected":false},"author":41,"featured_media":325104,"comment_status":"closed","ping_status":"closed","sticky":false,"template":"","format":"standard","meta":{"footnotes":""},"categories":[458,589,459,17988],"tags":[],"class_list":["post-325103","post","type-post","status-publish","format-standard","has-post-thumbnail","","category-dunya1","category-haber-seridi","category-haberler-arap-uluslararasi-politika","category-son-haberler"],"_links":{"self":[{"href":"https:\/\/archive.sana.sy\/tr\/index.php?rest_route=\/wp\/v2\/posts\/325103","targetHints":{"allow":["GET"]}}],"collection":[{"href":"https:\/\/archive.sana.sy\/tr\/index.php?rest_route=\/wp\/v2\/posts"}],"about":[{"href":"https:\/\/archive.sana.sy\/tr\/index.php?rest_route=\/wp\/v2\/types\/post"}],"author":[{"embeddable":true,"href":"https:\/\/archive.sana.sy\/tr\/index.php?rest_route=\/wp\/v2\/users\/41"}],"replies":[{"embeddable":true,"href":"https:\/\/archive.sana.sy\/tr\/index.php?rest_route=%2Fwp%2Fv2%2Fcomments&post=325103"}],"version-history":[{"count":1,"href":"https:\/\/archive.sana.sy\/tr\/index.php?rest_route=\/wp\/v2\/posts\/325103\/revisions"}],"predecessor-version":[{"id":325105,"href":"https:\/\/archive.sana.sy\/tr\/index.php?rest_route=\/wp\/v2\/posts\/325103\/revisions\/325105"}],"wp:featuredmedia":[{"embeddable":true,"href":"https:\/\/archive.sana.sy\/tr\/index.php?rest_route=\/wp\/v2\/media\/325104"}],"wp:attachment":[{"href":"https:\/\/archive.sana.sy\/tr\/index.php?rest_route=%2Fwp%2Fv2%2Fmedia&parent=325103"}],"wp:term":[{"taxonomy":"category","embeddable":true,"href":"https:\/\/archive.sana.sy\/tr\/index.php?rest_route=%2Fwp%2Fv2%2Fcategories&post=325103"},{"taxonomy":"post_tag","embeddable":true,"href":"https:\/\/archive.sana.sy\/tr\/index.php?rest_route=%2Fwp%2Fv2%2Ftags&post=325103"}],"curies":[{"name":"wp","href":"https:\/\/api.w.org\/{rel}","templated":true}]}}