{"id":325142,"date":"2025-07-10T11:02:44","date_gmt":"2025-07-10T08:02:44","guid":{"rendered":"https:\/\/sana.sy\/tr\/?p=325142"},"modified":"2025-07-10T20:05:35","modified_gmt":"2025-07-10T17:05:35","slug":"buyukelci-barak-suriye-hukumeti-demokratik-suriye-guclerini-kurumlarina-dahil-etme-konusunda-olaganustu-bir-heves-gosterdi","status":"publish","type":"post","link":"https:\/\/archive.sana.sy\/tr\/?p=325142","title":{"rendered":"ABD\u2019nin Suriye \u00d6zel Temsilcisi Thomas Barak: \u015eam Y\u00f6netimi, DSG\u2019yi Entegre Etmeye Ola\u011fan\u00fcst\u00fc \u0130stekli"},"content":{"rendered":"<p style=\"text-align: justify;\"><span style=\"color: #ff0000;\"><strong>VA\u015e\u0130NGTON (SANA) &#8211; <\/strong><\/span>ABD&#8217;nin Suriye \u00d6zel Temsilcisi Thomas Barrack, Suriye h\u00fck\u00fcmetinin Demokratik Suriye G\u00fc\u00e7leri\u2019ni (DSG) kendi kurumlar\u0131na dahil etme konusunda \u201cinan\u0131lmaz bir istek\u201d g\u00f6sterdi\u011fini belirtti. Barak, bu yakla\u015f\u0131m\u0131n \u201ctek devlet, tek millet, tek ordu, tek h\u00fck\u00fcmet\u201d ilkesi \u00e7er\u00e7evesinde de\u011ferlendirildi\u011fini ifade etti.<\/p>\n<p style=\"text-align: justify;\">Barrack, bug\u00fcn Rudaw Medya A\u011f\u0131\u2019na verdi\u011fi r\u00f6portajda, DSG\u2019ye y\u00f6nelik ele\u015ftirilerde bulunarak, \u00f6rg\u00fct\u00fcn bu s\u00fcre\u00e7te \u201cyava\u015f hareket etti\u011fini, m\u00fczakerelerde ve ilerlemede gecikti\u011fini\u201d s\u00f6yledi. DSG\u2019ye hitaben, \u201cSadece tek bir yol var, o yol da \u015eam\u2019a \u00e7\u0131kar,\u201d ifadelerini kulland\u0131.<\/p>\n<p style=\"text-align: justify;\">ABD D\u0131\u015fi\u015fleri Bakan\u0131 Marco Rubio\u2019nun \u00f6zerklik ve egemenlik konusundaki a\u00e7\u0131klamalar\u0131na da de\u011finen Barak, \u201cK\u00fcrtler, ya\u015fad\u0131klar\u0131 \u00fclkelerde harika, etkileyici ve g\u00fczel bir halkt\u0131r,\u201d dedi.<\/p>\n","protected":false},"excerpt":{"rendered":"<p>VA\u015e\u0130NGTON (SANA) &#8211; ABD&#8217;nin Suriye \u00d6zel Temsilcisi Thomas Barrack, Suriye h\u00fck\u00fcmetinin Demokratik Suriye G\u00fc\u00e7leri\u2019ni (DSG) kendi kurumlar\u0131na dahil etme konusunda \u201cinan\u0131lmaz bir istek\u201d g\u00f6sterdi\u011fini belirtti. Barak, bu yakla\u015f\u0131m\u0131n \u201ctek devlet, tek millet, tek ordu, tek h\u00fck\u00fcmet\u201d ilkesi \u00e7er\u00e7evesinde de\u011ferlendirildi\u011fini ifade etti. Barrack, bug\u00fcn Rudaw Medya A\u011f\u0131\u2019na verdi\u011fi r\u00f6portajda, DSG\u2019ye y\u00f6nelik ele\u015ftirilerde bulunarak, \u00f6rg\u00fct\u00fcn bu s\u00fcre\u00e7te &hellip;<\/p>\n","protected":false},"author":39,"featured_media":325143,"comment_status":"closed","ping_status":"closed","sticky":false,"template":"","format":"standard","meta":{"footnotes":""},"categories":[458,589,459,17988],"tags":[],"class_list":["post-325142","post","type-post","status-publish","format-standard","has-post-thumbnail","","category-dunya1","category-haber-seridi","category-haberler-arap-uluslararasi-politika","category-son-haberler"],"_links":{"self":[{"href":"https:\/\/archive.sana.sy\/tr\/index.php?rest_route=\/wp\/v2\/posts\/325142","targetHints":{"allow":["GET"]}}],"collection":[{"href":"https:\/\/archive.sana.sy\/tr\/index.php?rest_route=\/wp\/v2\/posts"}],"about":[{"href":"https:\/\/archive.sana.sy\/tr\/index.php?rest_route=\/wp\/v2\/types\/post"}],"author":[{"embeddable":true,"href":"https:\/\/archive.sana.sy\/tr\/index.php?rest_route=\/wp\/v2\/users\/39"}],"replies":[{"embeddable":true,"href":"https:\/\/archive.sana.sy\/tr\/index.php?rest_route=%2Fwp%2Fv2%2Fcomments&post=325142"}],"version-history":[{"count":3,"href":"https:\/\/archive.sana.sy\/tr\/index.php?rest_route=\/wp\/v2\/posts\/325142\/revisions"}],"predecessor-version":[{"id":325231,"href":"https:\/\/archive.sana.sy\/tr\/index.php?rest_route=\/wp\/v2\/posts\/325142\/revisions\/325231"}],"wp:featuredmedia":[{"embeddable":true,"href":"https:\/\/archive.sana.sy\/tr\/index.php?rest_route=\/wp\/v2\/media\/325143"}],"wp:attachment":[{"href":"https:\/\/archive.sana.sy\/tr\/index.php?rest_route=%2Fwp%2Fv2%2Fmedia&parent=325142"}],"wp:term":[{"taxonomy":"category","embeddable":true,"href":"https:\/\/archive.sana.sy\/tr\/index.php?rest_route=%2Fwp%2Fv2%2Fcategories&post=325142"},{"taxonomy":"post_tag","embeddable":true,"href":"https:\/\/archive.sana.sy\/tr\/index.php?rest_route=%2Fwp%2Fv2%2Ftags&post=325142"}],"curies":[{"name":"wp","href":"https:\/\/api.w.org\/{rel}","templated":true}]}}