{"id":325145,"date":"2025-07-10T10:11:53","date_gmt":"2025-07-10T07:11:53","guid":{"rendered":"https:\/\/sana.sy\/tr\/?p=325145"},"modified":"2025-07-10T10:11:53","modified_gmt":"2025-07-10T07:11:53","slug":"abdli-senator-suriyeye-uygulanan-kisitlamalarin-kaldirilmasi-iyilesme-ve-istikrar-yolunda-atilmis-bir-adimdir","status":"publish","type":"post","link":"https:\/\/archive.sana.sy\/tr\/?p=325145","title":{"rendered":"ABD\u2019li Senat\u00f6r: Suriye\u2019ye Uygulanan K\u0131s\u0131tlamalar\u0131n Kald\u0131r\u0131lmas\u0131, \u0130yile\u015fme ve \u0130stikrar Yolunda At\u0131lm\u0131\u015f Bir Ad\u0131md\u0131r"},"content":{"rendered":"<p style=\"text-align: justify;\"><strong>VA\u015e\u0130NGTON (SANA) &#8211; <\/strong>Amerika Birle\u015fik Devletleri Senatosu\u2019nun Demokrat \u00fcyelerinden Senat\u00f6r Jeanne Shaheen, D\u0131\u015fi\u015fleri Bakan\u0131 Mark Rubio\u2019nun yeni Suriye h\u00fck\u00fcmetine y\u00f6nelik ek k\u0131s\u0131tlamalar\u0131n kald\u0131r\u0131lmas\u0131na ili\u015fkin ald\u0131\u011f\u0131 karar\u0131 memnuniyetle kar\u015f\u0131layarak, bu ad\u0131m\u0131n Amerika Birle\u015fik Devletleri\u2019nin Suriye politikas\u0131nda \u00f6nemli bir de\u011fi\u015fim anlam\u0131na geldi\u011fini ifade etti.<\/p>\n<p style=\"text-align: justify;\">Senat\u00f6r Shaheen, \u201cX\u201d platformunda yapt\u0131\u011f\u0131 payla\u015f\u0131mda, Suriye\u2019nin onlarca y\u0131ll\u0131k sava\u015f ve istikrars\u0131zl\u0131k s\u00fcrecinden sonra iyile\u015fmesini engelleyen engellerin ortadan kald\u0131r\u0131lmas\u0131 a\u00e7\u0131s\u0131ndan, ek k\u0131s\u0131tlamalar\u0131n kald\u0131r\u0131lmas\u0131n\u0131n belirleyici bir ad\u0131m oldu\u011funu belirterek, yeni Suriye h\u00fck\u00fcmetinin yeniden in\u015fa ve istikrar sa\u011flama y\u00f6n\u00fcndeki \u00e7abalar\u0131n\u0131n desteklenmesinin \u00f6nemine dikkat \u00e7ekti.<\/p>\n","protected":false},"excerpt":{"rendered":"<p>VA\u015e\u0130NGTON (SANA) &#8211; Amerika Birle\u015fik Devletleri Senatosu\u2019nun Demokrat \u00fcyelerinden Senat\u00f6r Jeanne Shaheen, D\u0131\u015fi\u015fleri Bakan\u0131 Mark Rubio\u2019nun yeni Suriye h\u00fck\u00fcmetine y\u00f6nelik ek k\u0131s\u0131tlamalar\u0131n kald\u0131r\u0131lmas\u0131na ili\u015fkin ald\u0131\u011f\u0131 karar\u0131 memnuniyetle kar\u015f\u0131layarak, bu ad\u0131m\u0131n Amerika Birle\u015fik Devletleri\u2019nin Suriye politikas\u0131nda \u00f6nemli bir de\u011fi\u015fim anlam\u0131na geldi\u011fini ifade etti. Senat\u00f6r Shaheen, \u201cX\u201d platformunda yapt\u0131\u011f\u0131 payla\u015f\u0131mda, Suriye\u2019nin onlarca y\u0131ll\u0131k sava\u015f ve istikrars\u0131zl\u0131k s\u00fcrecinden &hellip;<\/p>\n","protected":false},"author":39,"featured_media":325146,"comment_status":"closed","ping_status":"closed","sticky":false,"template":"","format":"standard","meta":{"footnotes":""},"categories":[458,589,459,17988],"tags":[],"class_list":["post-325145","post","type-post","status-publish","format-standard","has-post-thumbnail","","category-dunya1","category-haber-seridi","category-haberler-arap-uluslararasi-politika","category-son-haberler"],"_links":{"self":[{"href":"https:\/\/archive.sana.sy\/tr\/index.php?rest_route=\/wp\/v2\/posts\/325145","targetHints":{"allow":["GET"]}}],"collection":[{"href":"https:\/\/archive.sana.sy\/tr\/index.php?rest_route=\/wp\/v2\/posts"}],"about":[{"href":"https:\/\/archive.sana.sy\/tr\/index.php?rest_route=\/wp\/v2\/types\/post"}],"author":[{"embeddable":true,"href":"https:\/\/archive.sana.sy\/tr\/index.php?rest_route=\/wp\/v2\/users\/39"}],"replies":[{"embeddable":true,"href":"https:\/\/archive.sana.sy\/tr\/index.php?rest_route=%2Fwp%2Fv2%2Fcomments&post=325145"}],"version-history":[{"count":1,"href":"https:\/\/archive.sana.sy\/tr\/index.php?rest_route=\/wp\/v2\/posts\/325145\/revisions"}],"predecessor-version":[{"id":325147,"href":"https:\/\/archive.sana.sy\/tr\/index.php?rest_route=\/wp\/v2\/posts\/325145\/revisions\/325147"}],"wp:featuredmedia":[{"embeddable":true,"href":"https:\/\/archive.sana.sy\/tr\/index.php?rest_route=\/wp\/v2\/media\/325146"}],"wp:attachment":[{"href":"https:\/\/archive.sana.sy\/tr\/index.php?rest_route=%2Fwp%2Fv2%2Fmedia&parent=325145"}],"wp:term":[{"taxonomy":"category","embeddable":true,"href":"https:\/\/archive.sana.sy\/tr\/index.php?rest_route=%2Fwp%2Fv2%2Fcategories&post=325145"},{"taxonomy":"post_tag","embeddable":true,"href":"https:\/\/archive.sana.sy\/tr\/index.php?rest_route=%2Fwp%2Fv2%2Ftags&post=325145"}],"curies":[{"name":"wp","href":"https:\/\/api.w.org\/{rel}","templated":true}]}}