{"id":325148,"date":"2025-07-10T10:20:25","date_gmt":"2025-07-10T07:20:25","guid":{"rendered":"https:\/\/sana.sy\/tr\/?p=325148"},"modified":"2025-07-10T20:44:59","modified_gmt":"2025-07-10T17:44:59","slug":"suriye-ile-belcika-arasinda-ekonomik-ve-yatirim-isbirligini-guclendirme-gorusmeleri","status":"publish","type":"post","link":"https:\/\/archive.sana.sy\/tr\/?p=325148","title":{"rendered":"Suriye ile Bel\u00e7ika Aras\u0131nda Ekonomik ve Yat\u0131r\u0131m \u0130\u015fbirli\u011fini G\u00fc\u00e7lendirme G\u00f6r\u00fc\u015fmeleri"},"content":{"rendered":"<p style=\"text-align: justify;\"><span style=\"color: #ff0000;\"><strong>\u015eAM (SANA) &#8211;<\/strong><\/span> Suriye ile Bel\u00e7ika aras\u0131nda ekonomik i\u015f birli\u011fi alanlar\u0131n\u0131 geni\u015fletmeyi hedefleyen bir ad\u0131m kapsam\u0131nda, \u015eam ve K\u0131rsal\u0131 Sanayi Odas\u0131 Ba\u015fkan\u0131 Muhammed Eymen El Mulavi, Bel\u00e7ika Krall\u0131\u011f\u0131\u2019n\u0131n Beyrut B\u00fcy\u00fckel\u00e7isi Arnaut Pauwels ve beraberindeki heyeti, \u015eam\u2019daki Sanayi Odas\u0131 binas\u0131nda kabul etti.<\/p>\n<p style=\"text-align: justify;\">G\u00f6r\u00fc\u015fme s\u0131ras\u0131nda taraflar, sanayi ve ticaret alanlar\u0131nda ikili ili\u015fkilerin g\u00fc\u00e7lendirilmesi, iki \u00fclke \u015firketleri aras\u0131nda do\u011frudan ileti\u015fim kanallar\u0131n\u0131n a\u00e7\u0131lmas\u0131, d\u0131\u015f bankalarla i\u015flemler ve para transferleriyle ilgili zorluklar\u0131n ele al\u0131nmas\u0131 ve ham madde ithalat ve ihracat\u0131na ili\u015fkin meselelerin \u00e7\u00f6z\u00fclmesi konular\u0131n\u0131 ele ald\u0131lar.<\/p>\n<p style=\"text-align: justify;\">El Mulavi, bu ziyaretin verimli bir ekonomik i\u015f birli\u011fi i\u00e7in bir ba\u015flang\u0131\u00e7 noktas\u0131 te\u015fkil etti\u011fini ve iki \u00fclke i\u015f insanlar\u0131 aras\u0131nda kar\u015f\u0131l\u0131kl\u0131 ziyaretleri te\u015fvik etti\u011fini vurgularken, B\u00fcy\u00fckel\u00e7i Pauwels ise bu g\u00f6r\u00fc\u015fmenin Suriye\u2019deki ekonomik ortam\u0131n iyile\u015ftirilmesine katk\u0131 sa\u011flad\u0131\u011f\u0131n\u0131 ve gelecekteki i\u015f birli\u011fi i\u00e7in yeni ufuklar a\u00e7t\u0131\u011f\u0131n\u0131 ifade etti.<\/p>\n<p style=\"text-align: justify;\">G\u00f6r\u00fc\u015fmenin sonunda her iki taraf da yenilenebilir enerji, sigortac\u0131l\u0131k ve bankac\u0131l\u0131k hizmetleri gibi alanlarda i\u015f birli\u011finin geni\u015fletilmesinin \u00f6nemine dikkat \u00e7ekerek, Bel\u00e7ikal\u0131 \u015firketleri Suriye\u2019yi ziyaret etmeye ve yerel pazarda i\u015f birli\u011fi ve yat\u0131r\u0131m f\u0131rsatlar\u0131n\u0131 ke\u015ffetmeye davet ettiler.<\/p>\n<div id='gallery-1' class='gallery galleryid-325148 gallery-columns-2 gallery-size-full'><figure class='gallery-item'>\n\t\t\t<div class='gallery-icon landscape'>\n\t\t\t\t<a href='https:\/\/archive.sana.sy\/tr\/wp-content\/uploads\/2025\/07\/photo_2025-07-09_18-56-41.jpg'><img loading=\"lazy\" decoding=\"async\" width=\"1161\" height=\"637\" src=\"https:\/\/archive.sana.sy\/tr\/wp-content\/uploads\/2025\/07\/photo_2025-07-09_18-56-41.jpg\" class=\"attachment-full size-full\" alt=\"\" srcset=\"https:\/\/archive.sana.sy\/tr\/wp-content\/uploads\/2025\/07\/photo_2025-07-09_18-56-41.jpg 1161w, https:\/\/archive.sana.sy\/tr\/wp-content\/uploads\/2025\/07\/photo_2025-07-09_18-56-41-300x165.jpg 300w, https:\/\/archive.sana.sy\/tr\/wp-content\/uploads\/2025\/07\/photo_2025-07-09_18-56-41-1024x562.jpg 1024w, https:\/\/archive.sana.sy\/tr\/wp-content\/uploads\/2025\/07\/photo_2025-07-09_18-56-41-768x421.jpg 768w\" sizes=\"auto, (max-width: 1161px) 100vw, 1161px\" \/><\/a>\n\t\t\t<\/div><\/figure><figure class='gallery-item'>\n\t\t\t<div class='gallery-icon landscape'>\n\t\t\t\t<a href='https:\/\/archive.sana.sy\/tr\/wp-content\/uploads\/2025\/07\/photo_2025-07-09_18-57-06.jpg'><img loading=\"lazy\" decoding=\"async\" width=\"1211\" height=\"693\" src=\"https:\/\/archive.sana.sy\/tr\/wp-content\/uploads\/2025\/07\/photo_2025-07-09_18-57-06.jpg\" class=\"attachment-full size-full\" alt=\"\" srcset=\"https:\/\/archive.sana.sy\/tr\/wp-content\/uploads\/2025\/07\/photo_2025-07-09_18-57-06.jpg 1211w, https:\/\/archive.sana.sy\/tr\/wp-content\/uploads\/2025\/07\/photo_2025-07-09_18-57-06-300x172.jpg 300w, https:\/\/archive.sana.sy\/tr\/wp-content\/uploads\/2025\/07\/photo_2025-07-09_18-57-06-1024x586.jpg 1024w, https:\/\/archive.sana.sy\/tr\/wp-content\/uploads\/2025\/07\/photo_2025-07-09_18-57-06-768x439.jpg 768w\" sizes=\"auto, (max-width: 1211px) 100vw, 1211px\" \/><\/a>\n\t\t\t<\/div><\/figure>\n\t\t<\/div>\n\n","protected":false},"excerpt":{"rendered":"<p>\u015eAM (SANA) &#8211; Suriye ile Bel\u00e7ika aras\u0131nda ekonomik i\u015f birli\u011fi alanlar\u0131n\u0131 geni\u015fletmeyi hedefleyen bir ad\u0131m kapsam\u0131nda, \u015eam ve K\u0131rsal\u0131 Sanayi Odas\u0131 Ba\u015fkan\u0131 Muhammed Eymen El Mulavi, Bel\u00e7ika Krall\u0131\u011f\u0131\u2019n\u0131n Beyrut B\u00fcy\u00fckel\u00e7isi Arnaut Pauwels ve beraberindeki heyeti, \u015eam\u2019daki Sanayi Odas\u0131 binas\u0131nda kabul etti. G\u00f6r\u00fc\u015fme s\u0131ras\u0131nda taraflar, sanayi ve ticaret alanlar\u0131nda ikili ili\u015fkilerin g\u00fc\u00e7lendirilmesi, iki \u00fclke \u015firketleri aras\u0131nda &hellip;<\/p>\n","protected":false},"author":39,"featured_media":325149,"comment_status":"closed","ping_status":"closed","sticky":false,"template":"","format":"standard","meta":{"footnotes":""},"categories":[589,479,17988,478],"tags":[],"class_list":["post-325148","post","type-post","status-publish","format-standard","has-post-thumbnail","","category-haber-seridi","category-haberler-yerel","category-son-haberler","category-yerel"],"_links":{"self":[{"href":"https:\/\/archive.sana.sy\/tr\/index.php?rest_route=\/wp\/v2\/posts\/325148","targetHints":{"allow":["GET"]}}],"collection":[{"href":"https:\/\/archive.sana.sy\/tr\/index.php?rest_route=\/wp\/v2\/posts"}],"about":[{"href":"https:\/\/archive.sana.sy\/tr\/index.php?rest_route=\/wp\/v2\/types\/post"}],"author":[{"embeddable":true,"href":"https:\/\/archive.sana.sy\/tr\/index.php?rest_route=\/wp\/v2\/users\/39"}],"replies":[{"embeddable":true,"href":"https:\/\/archive.sana.sy\/tr\/index.php?rest_route=%2Fwp%2Fv2%2Fcomments&post=325148"}],"version-history":[{"count":2,"href":"https:\/\/archive.sana.sy\/tr\/index.php?rest_route=\/wp\/v2\/posts\/325148\/revisions"}],"predecessor-version":[{"id":325251,"href":"https:\/\/archive.sana.sy\/tr\/index.php?rest_route=\/wp\/v2\/posts\/325148\/revisions\/325251"}],"wp:featuredmedia":[{"embeddable":true,"href":"https:\/\/archive.sana.sy\/tr\/index.php?rest_route=\/wp\/v2\/media\/325149"}],"wp:attachment":[{"href":"https:\/\/archive.sana.sy\/tr\/index.php?rest_route=%2Fwp%2Fv2%2Fmedia&parent=325148"}],"wp:term":[{"taxonomy":"category","embeddable":true,"href":"https:\/\/archive.sana.sy\/tr\/index.php?rest_route=%2Fwp%2Fv2%2Fcategories&post=325148"},{"taxonomy":"post_tag","embeddable":true,"href":"https:\/\/archive.sana.sy\/tr\/index.php?rest_route=%2Fwp%2Fv2%2Ftags&post=325148"}],"curies":[{"name":"wp","href":"https:\/\/api.w.org\/{rel}","templated":true}]}}