{"id":325163,"date":"2025-07-10T11:02:17","date_gmt":"2025-07-10T08:02:17","guid":{"rendered":"https:\/\/sana.sy\/tr\/?p=325163"},"modified":"2025-07-10T11:02:17","modified_gmt":"2025-07-10T08:02:17","slug":"humustaki-insaat-fuari-cesitli-illerden-26-firmanin-katilimiyla-basladi","status":"publish","type":"post","link":"https:\/\/archive.sana.sy\/tr\/?p=325163","title":{"rendered":"Humus\u2019taki \u0130n\u015faat Fuar\u0131, \u00e7e\u015fitli illerden 26 firman\u0131n kat\u0131l\u0131m\u0131yla Ba\u015flad\u0131"},"content":{"rendered":"<p style=\"text-align: justify;\"><strong>Humus \u2013 SANA &#8211; <\/strong>Suriye&#8217;nin \u00e7e\u015fitli illerinden yap\u0131 malzemeleri ve in\u015faat teknolojileri alan\u0131nda faaliyet g\u00f6steren 26 firman\u0131n kat\u0131l\u0131m\u0131yla d\u00f6rd\u00fcnc\u00fc in\u015faat fuar\u0131, Humus&#8217;taki El Sefir Oteli\u2019nde resmen a\u00e7\u0131ld\u0131.<\/p>\n<p style=\"text-align: justify;\">Fuar, bu ay\u0131n on ikisine kadar devam edecek.<\/p>\n<div id='gallery-1' class='gallery galleryid-325163 gallery-columns-3 gallery-size-full'><figure class='gallery-item'>\n\t\t\t<div class='gallery-icon landscape'>\n\t\t\t\t<a href='https:\/\/archive.sana.sy\/tr\/wp-content\/uploads\/2025\/07\/DSC_8148-scaled-1.jpg'><img loading=\"lazy\" decoding=\"async\" width=\"2560\" height=\"1682\" src=\"https:\/\/archive.sana.sy\/tr\/wp-content\/uploads\/2025\/07\/DSC_8148-scaled-1.jpg\" class=\"attachment-full size-full\" alt=\"\" srcset=\"https:\/\/archive.sana.sy\/tr\/wp-content\/uploads\/2025\/07\/DSC_8148-scaled-1.jpg 2560w, https:\/\/archive.sana.sy\/tr\/wp-content\/uploads\/2025\/07\/DSC_8148-scaled-1-300x197.jpg 300w, https:\/\/archive.sana.sy\/tr\/wp-content\/uploads\/2025\/07\/DSC_8148-scaled-1-1024x673.jpg 1024w, https:\/\/archive.sana.sy\/tr\/wp-content\/uploads\/2025\/07\/DSC_8148-scaled-1-768x505.jpg 768w, https:\/\/archive.sana.sy\/tr\/wp-content\/uploads\/2025\/07\/DSC_8148-scaled-1-1536x1009.jpg 1536w, https:\/\/archive.sana.sy\/tr\/wp-content\/uploads\/2025\/07\/DSC_8148-scaled-1-2048x1346.jpg 2048w, https:\/\/archive.sana.sy\/tr\/wp-content\/uploads\/2025\/07\/DSC_8148-scaled-1-310x205.jpg 310w\" sizes=\"auto, (max-width: 2560px) 100vw, 2560px\" \/><\/a>\n\t\t\t<\/div><\/figure><figure class='gallery-item'>\n\t\t\t<div class='gallery-icon landscape'>\n\t\t\t\t<a href='https:\/\/archive.sana.sy\/tr\/wp-content\/uploads\/2025\/07\/DSC_8158-scaled-1.jpg'><img loading=\"lazy\" decoding=\"async\" width=\"2560\" height=\"1624\" src=\"https:\/\/archive.sana.sy\/tr\/wp-content\/uploads\/2025\/07\/DSC_8158-scaled-1.jpg\" class=\"attachment-full size-full\" alt=\"\" srcset=\"https:\/\/archive.sana.sy\/tr\/wp-content\/uploads\/2025\/07\/DSC_8158-scaled-1.jpg 2560w, https:\/\/archive.sana.sy\/tr\/wp-content\/uploads\/2025\/07\/DSC_8158-scaled-1-300x190.jpg 300w, https:\/\/archive.sana.sy\/tr\/wp-content\/uploads\/2025\/07\/DSC_8158-scaled-1-1024x650.jpg 1024w, https:\/\/archive.sana.sy\/tr\/wp-content\/uploads\/2025\/07\/DSC_8158-scaled-1-768x487.jpg 768w, https:\/\/archive.sana.sy\/tr\/wp-content\/uploads\/2025\/07\/DSC_8158-scaled-1-1536x974.jpg 1536w, https:\/\/archive.sana.sy\/tr\/wp-content\/uploads\/2025\/07\/DSC_8158-scaled-1-2048x1299.jpg 2048w\" sizes=\"auto, (max-width: 2560px) 100vw, 2560px\" \/><\/a>\n\t\t\t<\/div><\/figure><figure class='gallery-item'>\n\t\t\t<div class='gallery-icon landscape'>\n\t\t\t\t<a href='https:\/\/archive.sana.sy\/tr\/wp-content\/uploads\/2025\/07\/DSC_8255-scaled-1.jpg'><img loading=\"lazy\" decoding=\"async\" width=\"2560\" height=\"1708\" src=\"https:\/\/archive.sana.sy\/tr\/wp-content\/uploads\/2025\/07\/DSC_8255-scaled-1.jpg\" class=\"attachment-full size-full\" alt=\"\" srcset=\"https:\/\/archive.sana.sy\/tr\/wp-content\/uploads\/2025\/07\/DSC_8255-scaled-1.jpg 2560w, https:\/\/archive.sana.sy\/tr\/wp-content\/uploads\/2025\/07\/DSC_8255-scaled-1-300x200.jpg 300w, https:\/\/archive.sana.sy\/tr\/wp-content\/uploads\/2025\/07\/DSC_8255-scaled-1-1024x683.jpg 1024w, https:\/\/archive.sana.sy\/tr\/wp-content\/uploads\/2025\/07\/DSC_8255-scaled-1-768x512.jpg 768w, https:\/\/archive.sana.sy\/tr\/wp-content\/uploads\/2025\/07\/DSC_8255-scaled-1-1536x1025.jpg 1536w, https:\/\/archive.sana.sy\/tr\/wp-content\/uploads\/2025\/07\/DSC_8255-scaled-1-2048x1366.jpg 2048w\" sizes=\"auto, (max-width: 2560px) 100vw, 2560px\" \/><\/a>\n\t\t\t<\/div><\/figure>\n\t\t<\/div>\n\n<p>&nbsp;<\/p>\n<p>&nbsp;<\/p>\n<p>&nbsp;<\/p>\n<p>&nbsp;<\/p>\n","protected":false},"excerpt":{"rendered":"<p>Humus \u2013 SANA &#8211; Suriye&#8217;nin \u00e7e\u015fitli illerinden yap\u0131 malzemeleri ve in\u015faat teknolojileri alan\u0131nda faaliyet g\u00f6steren 26 firman\u0131n kat\u0131l\u0131m\u0131yla d\u00f6rd\u00fcnc\u00fc in\u015faat fuar\u0131, Humus&#8217;taki El Sefir Oteli\u2019nde resmen a\u00e7\u0131ld\u0131. Fuar, bu ay\u0131n on ikisine kadar devam edecek. &nbsp; &nbsp; &nbsp; &nbsp;<\/p>\n","protected":false},"author":39,"featured_media":325164,"comment_status":"closed","ping_status":"closed","sticky":false,"template":"","format":"standard","meta":{"footnotes":""},"categories":[589,479,17988,2553,36578,478],"tags":[],"class_list":["post-325163","post","type-post","status-publish","format-standard","has-post-thumbnail","","category-haber-seridi","category-haberler-yerel","category-son-haberler","category-turizm","category-uluslararasi-sam-fuari","category-yerel"],"_links":{"self":[{"href":"https:\/\/archive.sana.sy\/tr\/index.php?rest_route=\/wp\/v2\/posts\/325163","targetHints":{"allow":["GET"]}}],"collection":[{"href":"https:\/\/archive.sana.sy\/tr\/index.php?rest_route=\/wp\/v2\/posts"}],"about":[{"href":"https:\/\/archive.sana.sy\/tr\/index.php?rest_route=\/wp\/v2\/types\/post"}],"author":[{"embeddable":true,"href":"https:\/\/archive.sana.sy\/tr\/index.php?rest_route=\/wp\/v2\/users\/39"}],"replies":[{"embeddable":true,"href":"https:\/\/archive.sana.sy\/tr\/index.php?rest_route=%2Fwp%2Fv2%2Fcomments&post=325163"}],"version-history":[{"count":1,"href":"https:\/\/archive.sana.sy\/tr\/index.php?rest_route=\/wp\/v2\/posts\/325163\/revisions"}],"predecessor-version":[{"id":325169,"href":"https:\/\/archive.sana.sy\/tr\/index.php?rest_route=\/wp\/v2\/posts\/325163\/revisions\/325169"}],"wp:featuredmedia":[{"embeddable":true,"href":"https:\/\/archive.sana.sy\/tr\/index.php?rest_route=\/wp\/v2\/media\/325164"}],"wp:attachment":[{"href":"https:\/\/archive.sana.sy\/tr\/index.php?rest_route=%2Fwp%2Fv2%2Fmedia&parent=325163"}],"wp:term":[{"taxonomy":"category","embeddable":true,"href":"https:\/\/archive.sana.sy\/tr\/index.php?rest_route=%2Fwp%2Fv2%2Fcategories&post=325163"},{"taxonomy":"post_tag","embeddable":true,"href":"https:\/\/archive.sana.sy\/tr\/index.php?rest_route=%2Fwp%2Fv2%2Ftags&post=325163"}],"curies":[{"name":"wp","href":"https:\/\/api.w.org\/{rel}","templated":true}]}}