{"id":325172,"date":"2025-07-10T11:44:00","date_gmt":"2025-07-10T08:44:00","guid":{"rendered":"https:\/\/sana.sy\/tr\/?p=325172"},"modified":"2025-07-10T11:44:00","modified_gmt":"2025-07-10T08:44:00","slug":"berlin-enformasyon-bakani-yapay-zeka-ve-dijital-donusum-alaninda-uzmanlasmis-irights-lab-merkezini-ziyaret-etti","status":"publish","type":"post","link":"https:\/\/archive.sana.sy\/tr\/?p=325172","title":{"rendered":"Berlin\u2026 Enformasyon Bakan\u0131, Yapay Zeka Ve Dijital D\u00f6n\u00fc\u015f\u00fcm Alan\u0131nda Uzmanla\u015fm\u0131\u015f \u201cIrights Lab\u201d Merkezini Ziyaret Etti"},"content":{"rendered":"<p style=\"text-align: justify;\"><strong>BERLIN (SANA) &#8211; <\/strong>Enformasyon Bakan\u0131 Dr. Hamza El Mustafa, Almanya\u2019n\u0131n ba\u015fkenti Berlin\u2019de yapay zeka ve dijital d\u00f6n\u00fc\u015f\u00fcm konular\u0131nda uzmanla\u015fm\u0131\u015f bir ara\u015ft\u0131rma merkezi olan \u201ciRights Lab\u201d merkezini ziyaret ederek, merkezin genel m\u00fcd\u00fcr\u00fc Philipp Otto ve ara\u015ft\u0131rma ekibinden bir grup \u00fcye ile bir araya geldi.<\/p>\n<p style=\"text-align: justify;\"><img loading=\"lazy\" decoding=\"async\" class=\"size-full wp-image-325175 alignright\" src=\"http:\/\/sana.sy\/tr\/wp-content\/uploads\/2025\/07\/999999999999999-1.jpg\" alt=\"\" width=\"300\" height=\"178\" \/>Ger\u00e7ekle\u015ftirilen g\u00f6r\u00fc\u015fmede, \u00f6zellikle yapay zeka teknolojilerinin dezenformasyonla m\u00fccadele, nefret s\u00f6yleminin \u00f6nlenmesi ve sorumlu medya i\u00e7eri\u011finin desteklenmesi alanlar\u0131nda kullan\u0131lmas\u0131 ba\u015fta olmak \u00fczere, iki taraf aras\u0131nda olas\u0131 i\u015fbirli\u011fi yollar\u0131 ele al\u0131nd\u0131. G\u00f6r\u00fc\u015fmede ayr\u0131ca, bilgi do\u011frulama ve dijital i\u00e7erik denetimi gibi alanlarda yapay zekan\u0131n kullan\u0131m\u0131na ili\u015fkin etik zorluklar da tart\u0131\u015f\u0131ld\u0131.<\/p>\n<p style=\"text-align: justify;\">Enformasyon Bakan\u0131, geli\u015fmi\u015f ara\u015ft\u0131rma kurumlar\u0131yla ortakl\u0131klar kurman\u0131n \u00f6nemine vurgu yaparak, bu alanda uzmanla\u015fm\u0131\u015f merkezlerin tecr\u00fcbelerinden faydalanman\u0131n stratejik bir gereklilik haline geldi\u011fini belirtti.<\/p>\n<p style=\"text-align: justify;\">Bakan El Mustafa, merkezin y\u00f6netimini Suriye\u2019ye resmi bir ziyaret ger\u00e7ekle\u015ftirmeye ve bu hayati alandaki pratik i\u015fbirli\u011fi olanaklar\u0131n\u0131 yerinde g\u00f6rmeye davet etti.<\/p>\n<div id='gallery-1' class='gallery galleryid-325172 gallery-columns-2 gallery-size-full'><figure class='gallery-item'>\n\t\t\t<div class='gallery-icon landscape'>\n\t\t\t\t<a href='https:\/\/archive.sana.sy\/tr\/wp-content\/uploads\/2025\/07\/277A0451-1-scaled-1.jpg'><img loading=\"lazy\" decoding=\"async\" width=\"2560\" height=\"1707\" src=\"https:\/\/archive.sana.sy\/tr\/wp-content\/uploads\/2025\/07\/277A0451-1-scaled-1.jpg\" class=\"attachment-full size-full\" alt=\"\" srcset=\"https:\/\/archive.sana.sy\/tr\/wp-content\/uploads\/2025\/07\/277A0451-1-scaled-1.jpg 2560w, https:\/\/archive.sana.sy\/tr\/wp-content\/uploads\/2025\/07\/277A0451-1-scaled-1-300x200.jpg 300w, https:\/\/archive.sana.sy\/tr\/wp-content\/uploads\/2025\/07\/277A0451-1-scaled-1-1024x683.jpg 1024w, https:\/\/archive.sana.sy\/tr\/wp-content\/uploads\/2025\/07\/277A0451-1-scaled-1-768x512.jpg 768w, https:\/\/archive.sana.sy\/tr\/wp-content\/uploads\/2025\/07\/277A0451-1-scaled-1-1536x1024.jpg 1536w, https:\/\/archive.sana.sy\/tr\/wp-content\/uploads\/2025\/07\/277A0451-1-scaled-1-2048x1366.jpg 2048w\" sizes=\"auto, (max-width: 2560px) 100vw, 2560px\" \/><\/a>\n\t\t\t<\/div><\/figure><figure class='gallery-item'>\n\t\t\t<div class='gallery-icon landscape'>\n\t\t\t\t<a href='https:\/\/archive.sana.sy\/tr\/wp-content\/uploads\/2025\/07\/277A0462-2-scaled-1.jpg'><img loading=\"lazy\" decoding=\"async\" width=\"2560\" height=\"1707\" src=\"https:\/\/archive.sana.sy\/tr\/wp-content\/uploads\/2025\/07\/277A0462-2-scaled-1.jpg\" class=\"attachment-full size-full\" alt=\"\" srcset=\"https:\/\/archive.sana.sy\/tr\/wp-content\/uploads\/2025\/07\/277A0462-2-scaled-1.jpg 2560w, https:\/\/archive.sana.sy\/tr\/wp-content\/uploads\/2025\/07\/277A0462-2-scaled-1-300x200.jpg 300w, https:\/\/archive.sana.sy\/tr\/wp-content\/uploads\/2025\/07\/277A0462-2-scaled-1-1024x683.jpg 1024w, https:\/\/archive.sana.sy\/tr\/wp-content\/uploads\/2025\/07\/277A0462-2-scaled-1-768x512.jpg 768w, https:\/\/archive.sana.sy\/tr\/wp-content\/uploads\/2025\/07\/277A0462-2-scaled-1-1536x1024.jpg 1536w, https:\/\/archive.sana.sy\/tr\/wp-content\/uploads\/2025\/07\/277A0462-2-scaled-1-2048x1366.jpg 2048w\" sizes=\"auto, (max-width: 2560px) 100vw, 2560px\" \/><\/a>\n\t\t\t<\/div><\/figure>\n\t\t<\/div>\n\n","protected":false},"excerpt":{"rendered":"<p>BERLIN (SANA) &#8211; Enformasyon Bakan\u0131 Dr. Hamza El Mustafa, Almanya\u2019n\u0131n ba\u015fkenti Berlin\u2019de yapay zeka ve dijital d\u00f6n\u00fc\u015f\u00fcm konular\u0131nda uzmanla\u015fm\u0131\u015f bir ara\u015ft\u0131rma merkezi olan \u201ciRights Lab\u201d merkezini ziyaret ederek, merkezin genel m\u00fcd\u00fcr\u00fc Philipp Otto ve ara\u015ft\u0131rma ekibinden bir grup \u00fcye ile bir araya geldi. Ger\u00e7ekle\u015ftirilen g\u00f6r\u00fc\u015fmede, \u00f6zellikle yapay zeka teknolojilerinin dezenformasyonla m\u00fccadele, nefret s\u00f6yleminin \u00f6nlenmesi ve &hellip;<\/p>\n","protected":false},"author":39,"featured_media":325174,"comment_status":"closed","ping_status":"closed","sticky":false,"template":"","format":"standard","meta":{"footnotes":""},"categories":[458,589,459,17988],"tags":[],"class_list":["post-325172","post","type-post","status-publish","format-standard","has-post-thumbnail","","category-dunya1","category-haber-seridi","category-haberler-arap-uluslararasi-politika","category-son-haberler"],"_links":{"self":[{"href":"https:\/\/archive.sana.sy\/tr\/index.php?rest_route=\/wp\/v2\/posts\/325172","targetHints":{"allow":["GET"]}}],"collection":[{"href":"https:\/\/archive.sana.sy\/tr\/index.php?rest_route=\/wp\/v2\/posts"}],"about":[{"href":"https:\/\/archive.sana.sy\/tr\/index.php?rest_route=\/wp\/v2\/types\/post"}],"author":[{"embeddable":true,"href":"https:\/\/archive.sana.sy\/tr\/index.php?rest_route=\/wp\/v2\/users\/39"}],"replies":[{"embeddable":true,"href":"https:\/\/archive.sana.sy\/tr\/index.php?rest_route=%2Fwp%2Fv2%2Fcomments&post=325172"}],"version-history":[{"count":1,"href":"https:\/\/archive.sana.sy\/tr\/index.php?rest_route=\/wp\/v2\/posts\/325172\/revisions"}],"predecessor-version":[{"id":325178,"href":"https:\/\/archive.sana.sy\/tr\/index.php?rest_route=\/wp\/v2\/posts\/325172\/revisions\/325178"}],"wp:featuredmedia":[{"embeddable":true,"href":"https:\/\/archive.sana.sy\/tr\/index.php?rest_route=\/wp\/v2\/media\/325174"}],"wp:attachment":[{"href":"https:\/\/archive.sana.sy\/tr\/index.php?rest_route=%2Fwp%2Fv2%2Fmedia&parent=325172"}],"wp:term":[{"taxonomy":"category","embeddable":true,"href":"https:\/\/archive.sana.sy\/tr\/index.php?rest_route=%2Fwp%2Fv2%2Fcategories&post=325172"},{"taxonomy":"post_tag","embeddable":true,"href":"https:\/\/archive.sana.sy\/tr\/index.php?rest_route=%2Fwp%2Fv2%2Ftags&post=325172"}],"curies":[{"name":"wp","href":"https:\/\/api.w.org\/{rel}","templated":true}]}}