{"id":325195,"date":"2025-07-10T14:11:54","date_gmt":"2025-07-10T11:11:54","guid":{"rendered":"https:\/\/sana.sy\/tr\/?p=325195"},"modified":"2025-07-10T20:38:57","modified_gmt":"2025-07-10T17:38:57","slug":"halk-meclisi-secimleri-yuksek-komitesi-hekim-ve-tip-sendikalarini-temsil-eden-heyetle-bir-araya-geldi","status":"publish","type":"post","link":"https:\/\/archive.sana.sy\/tr\/?p=325195","title":{"rendered":"Halk Meclisi Se\u00e7imleri Y\u00fcksek Komitesi, Hekim Ve T\u0131p Sendikalar\u0131n\u0131 Temsil Eden Heyetle Bir Araya Geldi"},"content":{"rendered":"<p style=\"text-align: justify;\"><span style=\"color: #ff0000;\"><strong>\u015eAM (SANA) &#8211;<\/strong> <\/span>Halk Meclisi Se\u00e7imleri Y\u00fcksek Komitesi, se\u00e7im sistemini g\u00f6r\u00fc\u015fmek, g\u00f6r\u00fc\u015f ve \u00f6nerilerini dinlemek \u00fczere \u015eam&#8217;daki Halk Meclisi binas\u0131nda doktor ve t\u0131p sendikalar\u0131n\u0131 temsil eden bir heyetle bir araya geldi.<\/p>\n<p>&nbsp;<\/p>\n","protected":false},"excerpt":{"rendered":"<p>\u015eAM (SANA) &#8211; Halk Meclisi Se\u00e7imleri Y\u00fcksek Komitesi, se\u00e7im sistemini g\u00f6r\u00fc\u015fmek, g\u00f6r\u00fc\u015f ve \u00f6nerilerini dinlemek \u00fczere \u015eam&#8217;daki Halk Meclisi binas\u0131nda doktor ve t\u0131p sendikalar\u0131n\u0131 temsil eden bir heyetle bir araya geldi. &nbsp;<\/p>\n","protected":false},"author":39,"featured_media":325196,"comment_status":"closed","ping_status":"closed","sticky":false,"template":"","format":"standard","meta":{"footnotes":""},"categories":[589,479,17988,478],"tags":[],"class_list":["post-325195","post","type-post","status-publish","format-standard","has-post-thumbnail","","category-haber-seridi","category-haberler-yerel","category-son-haberler","category-yerel"],"_links":{"self":[{"href":"https:\/\/archive.sana.sy\/tr\/index.php?rest_route=\/wp\/v2\/posts\/325195","targetHints":{"allow":["GET"]}}],"collection":[{"href":"https:\/\/archive.sana.sy\/tr\/index.php?rest_route=\/wp\/v2\/posts"}],"about":[{"href":"https:\/\/archive.sana.sy\/tr\/index.php?rest_route=\/wp\/v2\/types\/post"}],"author":[{"embeddable":true,"href":"https:\/\/archive.sana.sy\/tr\/index.php?rest_route=\/wp\/v2\/users\/39"}],"replies":[{"embeddable":true,"href":"https:\/\/archive.sana.sy\/tr\/index.php?rest_route=%2Fwp%2Fv2%2Fcomments&post=325195"}],"version-history":[{"count":1,"href":"https:\/\/archive.sana.sy\/tr\/index.php?rest_route=\/wp\/v2\/posts\/325195\/revisions"}],"predecessor-version":[{"id":325201,"href":"https:\/\/archive.sana.sy\/tr\/index.php?rest_route=\/wp\/v2\/posts\/325195\/revisions\/325201"}],"wp:featuredmedia":[{"embeddable":true,"href":"https:\/\/archive.sana.sy\/tr\/index.php?rest_route=\/wp\/v2\/media\/325196"}],"wp:attachment":[{"href":"https:\/\/archive.sana.sy\/tr\/index.php?rest_route=%2Fwp%2Fv2%2Fmedia&parent=325195"}],"wp:term":[{"taxonomy":"category","embeddable":true,"href":"https:\/\/archive.sana.sy\/tr\/index.php?rest_route=%2Fwp%2Fv2%2Fcategories&post=325195"},{"taxonomy":"post_tag","embeddable":true,"href":"https:\/\/archive.sana.sy\/tr\/index.php?rest_route=%2Fwp%2Fv2%2Ftags&post=325195"}],"curies":[{"name":"wp","href":"https:\/\/api.w.org\/{rel}","templated":true}]}}