{"id":325216,"date":"2025-07-10T19:53:45","date_gmt":"2025-07-10T16:53:45","guid":{"rendered":"https:\/\/sana.sy\/tr\/?p=325216"},"modified":"2025-07-10T19:53:45","modified_gmt":"2025-07-10T16:53:45","slug":"suriye-enformasyon-bakani-berlinde-suriye-almanya-is-birligini-gorustu","status":"publish","type":"post","link":"https:\/\/archive.sana.sy\/tr\/?p=325216","title":{"rendered":"Suriye Enformasyon Bakan\u0131 Berlin\u2019de Suriye-Almanya \u0130\u015f Birli\u011fini G\u00f6r\u00fc\u015ft\u00fc"},"content":{"rendered":"<p style=\"text-align: justify;\"><span style=\"color: #ff0000;\"><strong>BERL\u0130N (SANA) &#8211;<\/strong><\/span> \u00a0\u00a0Suriye Enformasyon Bakan\u0131 Hamza El Mustafa, Almanya&#8217;n\u0131n ba\u015fkenti Berlin\u2019de Almanya Ekonomik \u0130\u015f Birli\u011fi ve Kalk\u0131nma Bakanl\u0131\u011f\u0131 Orta Do\u011fu Dairesi Ba\u015fkan\u0131 Annette Schmas ile bir araya gelerek iki \u00fclke aras\u0131ndaki ortak i\u015f birli\u011fi alanlar\u0131n\u0131 g\u00f6r\u00fc\u015ft\u00fc. G\u00f6r\u00fc\u015fmede \u00f6zellikle toplumsal fark\u0131ndal\u0131k ve medya bilincinin art\u0131r\u0131lmas\u0131 konular\u0131 ele al\u0131nd\u0131.<img loading=\"lazy\" decoding=\"async\" class=\" wp-image-325218 alignright\" src=\"http:\/\/sana.sy\/tr\/wp-content\/uploads\/2025\/07\/IMG_1136-300x191-1.jpg\" alt=\"\" width=\"276\" height=\"176\" \/><\/p>\n<p style=\"text-align: justify;\">Bakan El Mustafa, g\u00f6r\u00fc\u015fme s\u0131ras\u0131nda Suriye Enformasyon Bakanl\u0131\u011f\u0131\u2019n\u0131n \u00f6zellikle son d\u00f6nemdeki siyasi geli\u015fmeler sonras\u0131nda \u00fcstlendi\u011fi hayati rol\u00fc de\u011ferlendirdi. Bakanl\u0131k olarak, ulusal medyan\u0131n yeniden etkinle\u015ftirilmesine ve ifade \u00f6zg\u00fcrl\u00fc\u011f\u00fc ile mesleki sorumluluk ilkelerine dayanan, dostane ve yap\u0131c\u0131 bir medya ortam\u0131 olu\u015fturulmas\u0131na \u00f6ncelik verdiklerini ifade etti. Ayr\u0131ca, her t\u00fcrl\u00fc nefret s\u00f6ylemi ve k\u0131\u015fk\u0131rt\u0131c\u0131 i\u00e7eri\u011fe kar\u015f\u0131 m\u00fccadeleye olan ba\u011fl\u0131l\u0131klar\u0131n\u0131 vurgulad\u0131.<\/p>\n<p style=\"text-align: justify;\">Bakan\u0131 El Mustafa ayr\u0131ca, uluslararas\u0131 i\u015f birli\u011finin g\u00fc\u00e7lendirilmesinin ve bakanl\u0131\u011f\u0131n medya alan\u0131ndaki \u00e7e\u015fitli programlar\u0131n\u0131n desteklenmesinin \u00f6nemine dikkat \u00e7ekti. Bu kapsamda, medya personelinin e\u011fitimi ve mesleki becerilerinin geli\u015ftirilmesi konusunda Almanya\u2019n\u0131n \u00f6nc\u00fc deneyimlerinden faydalanmak istediklerini belirtti.<\/p>\n<p style=\"text-align: justify;\">Alman yetkili Schmas ise, Suriye Enformasyon Bakanl\u0131\u011f\u0131 ile i\u015f birli\u011fine a\u00e7\u0131k olduklar\u0131n\u0131 belirterek, Alman taraf\u0131n\u0131n Suriye medyas\u0131n\u0131n bilin\u00e7lendirme, diyalog ve ho\u015fg\u00f6r\u00fc de\u011ferlerini yayma kapasitesini art\u0131rmaya y\u00f6nelik giri\u015fimleri desteklemeye haz\u0131r oldu\u011funu dile getirerek, \u00f6zg\u00fcr ve sorumlu medyan\u0131n, Suriye\u2019nin ya\u015fad\u0131\u011f\u0131 iyile\u015fme ve yeniden in\u015fa s\u00fcrecinin temel ta\u015flar\u0131ndan biri oldu\u011funu vurgulad\u0131.<\/p>\n<p style=\"text-align: justify;\"><img loading=\"lazy\" decoding=\"async\" class=\"aligncenter wp-image-325219 size-full\" src=\"http:\/\/sana.sy\/tr\/wp-content\/uploads\/2025\/07\/IMG_1193-768x550-1.jpg\" alt=\"\" width=\"768\" height=\"550\" srcset=\"https:\/\/archive.sana.sy\/tr\/wp-content\/uploads\/2025\/07\/IMG_1193-768x550-1.jpg 768w, https:\/\/archive.sana.sy\/tr\/wp-content\/uploads\/2025\/07\/IMG_1193-768x550-1-300x215.jpg 300w\" sizes=\"auto, (max-width: 768px) 100vw, 768px\" \/><\/p>\n","protected":false},"excerpt":{"rendered":"<p>BERL\u0130N (SANA) &#8211; \u00a0\u00a0Suriye Enformasyon Bakan\u0131 Hamza El Mustafa, Almanya&#8217;n\u0131n ba\u015fkenti Berlin\u2019de Almanya Ekonomik \u0130\u015f Birli\u011fi ve Kalk\u0131nma Bakanl\u0131\u011f\u0131 Orta Do\u011fu Dairesi Ba\u015fkan\u0131 Annette Schmas ile bir araya gelerek iki \u00fclke aras\u0131ndaki ortak i\u015f birli\u011fi alanlar\u0131n\u0131 g\u00f6r\u00fc\u015ft\u00fc. G\u00f6r\u00fc\u015fmede \u00f6zellikle toplumsal fark\u0131ndal\u0131k ve medya bilincinin art\u0131r\u0131lmas\u0131 konular\u0131 ele al\u0131nd\u0131. Bakan El Mustafa, g\u00f6r\u00fc\u015fme s\u0131ras\u0131nda Suriye Enformasyon &hellip;<\/p>\n","protected":false},"author":41,"featured_media":325217,"comment_status":"closed","ping_status":"closed","sticky":false,"template":"","format":"standard","meta":{"footnotes":""},"categories":[458,589,459,17988],"tags":[],"class_list":["post-325216","post","type-post","status-publish","format-standard","has-post-thumbnail","","category-dunya1","category-haber-seridi","category-haberler-arap-uluslararasi-politika","category-son-haberler"],"_links":{"self":[{"href":"https:\/\/archive.sana.sy\/tr\/index.php?rest_route=\/wp\/v2\/posts\/325216","targetHints":{"allow":["GET"]}}],"collection":[{"href":"https:\/\/archive.sana.sy\/tr\/index.php?rest_route=\/wp\/v2\/posts"}],"about":[{"href":"https:\/\/archive.sana.sy\/tr\/index.php?rest_route=\/wp\/v2\/types\/post"}],"author":[{"embeddable":true,"href":"https:\/\/archive.sana.sy\/tr\/index.php?rest_route=\/wp\/v2\/users\/41"}],"replies":[{"embeddable":true,"href":"https:\/\/archive.sana.sy\/tr\/index.php?rest_route=%2Fwp%2Fv2%2Fcomments&post=325216"}],"version-history":[{"count":1,"href":"https:\/\/archive.sana.sy\/tr\/index.php?rest_route=\/wp\/v2\/posts\/325216\/revisions"}],"predecessor-version":[{"id":325220,"href":"https:\/\/archive.sana.sy\/tr\/index.php?rest_route=\/wp\/v2\/posts\/325216\/revisions\/325220"}],"wp:featuredmedia":[{"embeddable":true,"href":"https:\/\/archive.sana.sy\/tr\/index.php?rest_route=\/wp\/v2\/media\/325217"}],"wp:attachment":[{"href":"https:\/\/archive.sana.sy\/tr\/index.php?rest_route=%2Fwp%2Fv2%2Fmedia&parent=325216"}],"wp:term":[{"taxonomy":"category","embeddable":true,"href":"https:\/\/archive.sana.sy\/tr\/index.php?rest_route=%2Fwp%2Fv2%2Fcategories&post=325216"},{"taxonomy":"post_tag","embeddable":true,"href":"https:\/\/archive.sana.sy\/tr\/index.php?rest_route=%2Fwp%2Fv2%2Ftags&post=325216"}],"curies":[{"name":"wp","href":"https:\/\/api.w.org\/{rel}","templated":true}]}}