{"id":325236,"date":"2025-07-10T20:28:40","date_gmt":"2025-07-10T17:28:40","guid":{"rendered":"https:\/\/sana.sy\/tr\/?p=325236"},"modified":"2025-07-12T13:42:55","modified_gmt":"2025-07-12T10:42:55","slug":"suriye-disisleri-bahreynin-sam-buyukelcisi-ile-ikili-iliskileri-ve-is-birligini-gorustu","status":"publish","type":"post","link":"https:\/\/archive.sana.sy\/tr\/?p=325236","title":{"rendered":"Suriye D\u0131\u015fi\u015fleri, Bahreyn\u2019in \u015eam B\u00fcy\u00fckel\u00e7isi \u0130le \u0130kili \u0130li\u015fkileri Ve \u0130\u015f Birli\u011fini G\u00f6r\u00fc\u015ft\u00fc"},"content":{"rendered":"<p style=\"text-align: justify;\"><span style=\"color: #ff0000;\"><strong>\u015eAM (SANA) &#8211;<\/strong><\/span> Suriye Arap Cumhuriyeti D\u0131\u015fi\u015fleri ve Gurbet\u00e7iler Bakan\u0131 Asaad El \u015eeybani, Bahreyn Krall\u0131\u011f\u0131\u2019n\u0131n \u015eam B\u00fcy\u00fckel\u00e7isi Vahid M\u00fcbarek El Seyyar ile bir araya gelerek, iki \u00fclke aras\u0131ndaki ili\u015fkilerin geli\u015ftirilmesi ve \u00e7e\u015fitli alanlardaki i\u015f birli\u011fi \u00e7er\u00e7evesinin g\u00fc\u00e7lendirilmesi konular\u0131n\u0131 ele ald\u0131.<\/p>\n<p style=\"text-align: justify;\">G\u00f6r\u00fc\u015fmede taraflar, karde\u015f iki halk\u0131n \u00e7\u0131karlar\u0131n\u0131 g\u00f6zeten bir yakla\u015f\u0131mla, ikili koordinasyonun ve isti\u015farenin s\u00fcrd\u00fcr\u00fclmesinin \u00f6nemini vurgulad\u0131. Ayr\u0131ca, ortak Arap \u00e7al\u0131\u015fmas\u0131n\u0131n g\u00fc\u00e7lendirilmesine y\u00f6nelik kararl\u0131l\u0131klar\u0131n\u0131 da dile getirdiler.<\/p>\n<div id='gallery-1' class='gallery galleryid-325236 gallery-columns-1 gallery-size-full'><figure class='gallery-item'>\n\t\t\t<div class='gallery-icon landscape'>\n\t\t\t\t<a href='https:\/\/archive.sana.sy\/tr\/?attachment_id=325238'><img loading=\"lazy\" decoding=\"async\" width=\"2560\" height=\"1436\" src=\"https:\/\/archive.sana.sy\/tr\/wp-content\/uploads\/2025\/07\/photo_2025-07-10_20-21-29.jpg\" class=\"attachment-full size-full\" alt=\"\" srcset=\"https:\/\/archive.sana.sy\/tr\/wp-content\/uploads\/2025\/07\/photo_2025-07-10_20-21-29.jpg 2560w, https:\/\/archive.sana.sy\/tr\/wp-content\/uploads\/2025\/07\/photo_2025-07-10_20-21-29-300x168.jpg 300w, https:\/\/archive.sana.sy\/tr\/wp-content\/uploads\/2025\/07\/photo_2025-07-10_20-21-29-1024x574.jpg 1024w, https:\/\/archive.sana.sy\/tr\/wp-content\/uploads\/2025\/07\/photo_2025-07-10_20-21-29-768x431.jpg 768w, https:\/\/archive.sana.sy\/tr\/wp-content\/uploads\/2025\/07\/photo_2025-07-10_20-21-29-1536x862.jpg 1536w, https:\/\/archive.sana.sy\/tr\/wp-content\/uploads\/2025\/07\/photo_2025-07-10_20-21-29-2048x1149.jpg 2048w\" sizes=\"auto, (max-width: 2560px) 100vw, 2560px\" \/><\/a>\n\t\t\t<\/div><\/figure><figure class='gallery-item'>\n\t\t\t<div class='gallery-icon landscape'>\n\t\t\t\t<a href='https:\/\/archive.sana.sy\/tr\/?attachment_id=325240'><img loading=\"lazy\" decoding=\"async\" width=\"2560\" height=\"1438\" src=\"https:\/\/archive.sana.sy\/tr\/wp-content\/uploads\/2025\/07\/photo_2025-07-10_20-21-31.jpg\" class=\"attachment-full size-full\" alt=\"\" srcset=\"https:\/\/archive.sana.sy\/tr\/wp-content\/uploads\/2025\/07\/photo_2025-07-10_20-21-31.jpg 2560w, https:\/\/archive.sana.sy\/tr\/wp-content\/uploads\/2025\/07\/photo_2025-07-10_20-21-31-300x169.jpg 300w, https:\/\/archive.sana.sy\/tr\/wp-content\/uploads\/2025\/07\/photo_2025-07-10_20-21-31-1024x575.jpg 1024w, https:\/\/archive.sana.sy\/tr\/wp-content\/uploads\/2025\/07\/photo_2025-07-10_20-21-31-768x431.jpg 768w, https:\/\/archive.sana.sy\/tr\/wp-content\/uploads\/2025\/07\/photo_2025-07-10_20-21-31-1536x863.jpg 1536w, https:\/\/archive.sana.sy\/tr\/wp-content\/uploads\/2025\/07\/photo_2025-07-10_20-21-31-2048x1150.jpg 2048w\" sizes=\"auto, (max-width: 2560px) 100vw, 2560px\" \/><\/a>\n\t\t\t<\/div><\/figure><figure class='gallery-item'>\n\t\t\t<div class='gallery-icon landscape'>\n\t\t\t\t<a href='https:\/\/archive.sana.sy\/tr\/?attachment_id=325237'><img loading=\"lazy\" decoding=\"async\" width=\"2560\" height=\"1438\" src=\"https:\/\/archive.sana.sy\/tr\/wp-content\/uploads\/2025\/07\/photo_2025-07-10_20-21-30.jpg\" class=\"attachment-full size-full\" alt=\"\" srcset=\"https:\/\/archive.sana.sy\/tr\/wp-content\/uploads\/2025\/07\/photo_2025-07-10_20-21-30.jpg 2560w, https:\/\/archive.sana.sy\/tr\/wp-content\/uploads\/2025\/07\/photo_2025-07-10_20-21-30-300x169.jpg 300w, https:\/\/archive.sana.sy\/tr\/wp-content\/uploads\/2025\/07\/photo_2025-07-10_20-21-30-1024x575.jpg 1024w, https:\/\/archive.sana.sy\/tr\/wp-content\/uploads\/2025\/07\/photo_2025-07-10_20-21-30-768x431.jpg 768w, https:\/\/archive.sana.sy\/tr\/wp-content\/uploads\/2025\/07\/photo_2025-07-10_20-21-30-1536x863.jpg 1536w, https:\/\/archive.sana.sy\/tr\/wp-content\/uploads\/2025\/07\/photo_2025-07-10_20-21-30-2048x1150.jpg 2048w\" sizes=\"auto, (max-width: 2560px) 100vw, 2560px\" \/><\/a>\n\t\t\t<\/div><\/figure>\n\t\t<\/div>\n\n","protected":false},"excerpt":{"rendered":"<p>\u015eAM (SANA) &#8211; Suriye Arap Cumhuriyeti D\u0131\u015fi\u015fleri ve Gurbet\u00e7iler Bakan\u0131 Asaad El \u015eeybani, Bahreyn Krall\u0131\u011f\u0131\u2019n\u0131n \u015eam B\u00fcy\u00fckel\u00e7isi Vahid M\u00fcbarek El Seyyar ile bir araya gelerek, iki \u00fclke aras\u0131ndaki ili\u015fkilerin geli\u015ftirilmesi ve \u00e7e\u015fitli alanlardaki i\u015f birli\u011fi \u00e7er\u00e7evesinin g\u00fc\u00e7lendirilmesi konular\u0131n\u0131 ele ald\u0131. G\u00f6r\u00fc\u015fmede taraflar, karde\u015f iki halk\u0131n \u00e7\u0131karlar\u0131n\u0131 g\u00f6zeten bir yakla\u015f\u0131mla, ikili koordinasyonun ve isti\u015farenin s\u00fcrd\u00fcr\u00fclmesinin \u00f6nemini &hellip;<\/p>\n","protected":false},"author":41,"featured_media":325239,"comment_status":"closed","ping_status":"closed","sticky":false,"template":"","format":"standard","meta":{"footnotes":""},"categories":[479,478],"tags":[],"class_list":["post-325236","post","type-post","status-publish","format-standard","has-post-thumbnail","","category-haberler-yerel","category-yerel"],"_links":{"self":[{"href":"https:\/\/archive.sana.sy\/tr\/index.php?rest_route=\/wp\/v2\/posts\/325236","targetHints":{"allow":["GET"]}}],"collection":[{"href":"https:\/\/archive.sana.sy\/tr\/index.php?rest_route=\/wp\/v2\/posts"}],"about":[{"href":"https:\/\/archive.sana.sy\/tr\/index.php?rest_route=\/wp\/v2\/types\/post"}],"author":[{"embeddable":true,"href":"https:\/\/archive.sana.sy\/tr\/index.php?rest_route=\/wp\/v2\/users\/41"}],"replies":[{"embeddable":true,"href":"https:\/\/archive.sana.sy\/tr\/index.php?rest_route=%2Fwp%2Fv2%2Fcomments&post=325236"}],"version-history":[{"count":2,"href":"https:\/\/archive.sana.sy\/tr\/index.php?rest_route=\/wp\/v2\/posts\/325236\/revisions"}],"predecessor-version":[{"id":325242,"href":"https:\/\/archive.sana.sy\/tr\/index.php?rest_route=\/wp\/v2\/posts\/325236\/revisions\/325242"}],"wp:featuredmedia":[{"embeddable":true,"href":"https:\/\/archive.sana.sy\/tr\/index.php?rest_route=\/wp\/v2\/media\/325239"}],"wp:attachment":[{"href":"https:\/\/archive.sana.sy\/tr\/index.php?rest_route=%2Fwp%2Fv2%2Fmedia&parent=325236"}],"wp:term":[{"taxonomy":"category","embeddable":true,"href":"https:\/\/archive.sana.sy\/tr\/index.php?rest_route=%2Fwp%2Fv2%2Fcategories&post=325236"},{"taxonomy":"post_tag","embeddable":true,"href":"https:\/\/archive.sana.sy\/tr\/index.php?rest_route=%2Fwp%2Fv2%2Ftags&post=325236"}],"curies":[{"name":"wp","href":"https:\/\/api.w.org\/{rel}","templated":true}]}}